{"id":9198,"date":"2026-09-02T17:16:09","date_gmt":"2026-09-02T16:16:09","guid":{"rendered":"https:\/\/realcolegio.pt\/?p=9198"},"modified":"2026-09-02T17:16:11","modified_gmt":"2026-09-02T16:16:11","slug":"o-rcp-com-contrato-de-associacao-para-o-pre-escolar","status":"publish","type":"post","link":"https:\/\/realcolegio.pt\/en\/2026\/09\/02\/o-rcp-com-contrato-de-associacao-para-o-pre-escolar\/","title":{"rendered":"O RCP Com Contrato de Associa\u00e7\u00e3o Para o Pr\u00e9-Escolar"},"content":{"rendered":"<figure class=\"wp-block-gallery aligncenter has-nested-images columns-default is-cropped wp-block-gallery-1 is-layout-flex wp-block-gallery-is-layout-flex\">\n<figure class=\"wp-block-image size-large\"><img loading=\"lazy\" decoding=\"async\" width=\"819\" height=\"1024\" data-id=\"9199\" src=\"https:\/\/realcolegio.pt\/wp-content\/uploads\/2026\/09\/Pre-Escolar-1-819x1024.png\" alt=\"Contrato de Associa\u00e7\u00e3o\" class=\"wp-image-9199\"\/><figcaption class=\"wp-element-caption\">Nova Parceria<\/figcaption><\/figure>\n<\/figure>\n\n\n\n<p class=\"wp-block-paragraph\"><strong>ATEN\u00c7\u00c3O COMUNIDADE EDUCATIVA!<\/strong><\/p>\n\n\n\n<p class=\"wp-block-paragraph\">Temos uma grande novidade!<\/p>\n\n\n\n<p class=\"wp-block-paragraph\">O Real Col\u00e9gio de Portugal passa a integrar pelo segundo ano consecutivo a rede p\u00fablica de educa\u00e7\u00e3o pr\u00e9-escolar, com financiamento do Minist\u00e9rio da Educa\u00e7\u00e3o, Ci\u00eancia e Inova\u00e7\u00e3o atrav\u00e9s de contrato de associa\u00e7\u00e3o.<\/p>\n\n\n\n<p class=\"wp-block-paragraph\"><strong>Disponibilizamos 75 vagas gratuitas!!<\/strong><\/p>\n\n\n\n<p class=\"wp-block-paragraph\"><strong>Se o seu educando:<\/strong><\/p>\n\n\n\n<p class=\"wp-block-paragraph\"><img loading=\"lazy\" decoding=\"async\" height=\"16\" width=\"16\" alt=\"\ud83d\udc49\" src=\"https:\/\/static.xx.fbcdn.net\/images\/emoji.php\/v9\/t51\/1\/16\/1f449.png\"> Completa 3 anos no ano civil da inscri\u00e7\u00e3o<\/p>\n\n\n\n<p class=\"wp-block-paragraph\"><img loading=\"lazy\" decoding=\"async\" height=\"16\" width=\"16\" alt=\"\ud83d\udc49\" src=\"https:\/\/static.xx.fbcdn.net\/images\/emoji.php\/v9\/t51\/1\/16\/1f449.png\">E(sim, \u00e9 cumulativo!) n\u00e3o tem vaga na rede p\u00fablica da zona de resid\u00eancia ou local de trabalho dos pais\/respons\u00e1veis&#8230;<\/p>\n\n\n\n<p class=\"wp-block-paragraph\">Pode inscrever-se no nosso col\u00e9gio e beneficiar deste apoio p\u00fablico!<\/p>\n\n\n\n<p class=\"wp-block-paragraph\">Inscri\u00e7\u00f5esabertas no nosso col\u00e9gio ou via email at\u00e9 4 de Setembro!!!<\/p>\n\n\n\n<p class=\"wp-block-paragraph\"><img loading=\"lazy\" decoding=\"async\" height=\"16\" width=\"16\" src=\"https:\/\/static.xx.fbcdn.net\/images\/emoji.php\/v9\/t51\/1\/16\/1f449.png\" alt=\"\ud83d\udc49\">D\u00favidas? Envie email para: informacoes@realcolegio.pt<\/p>\n\n\n\n<p class=\"wp-block-paragraph\"><\/p>\n\n\n\n<p class=\"wp-block-paragraph\"><\/p>","protected":false},"excerpt":{"rendered":"<p>ATEN\u00c7\u00c3O COMUNIDADE EDUCATIVA! Temos uma grande novidade! O Real Col\u00e9gio de Portugal passa a integrar pelo segundo ano consecutivo a rede p\u00fablica de educa\u00e7\u00e3o pr\u00e9-escolar, com financiamento do Minist\u00e9rio da Educa\u00e7\u00e3o, Ci\u00eancia e Inova\u00e7\u00e3o atrav\u00e9s de contrato de associa\u00e7\u00e3o. Disponibilizamos 75 vagas gratuitas!! Se o seu educando: Completa 3 anos no ano civil da inscri\u00e7\u00e3o [&hellip;]<\/p>\n","protected":false},"author":2,"featured_media":9199,"comment_status":"closed","ping_status":"closed","sticky":false,"template":"","format":"standard","meta":{"_acf_changed":false,"_et_pb_use_builder":"on","_et_pb_old_content":"","_et_gb_content_width":"","footnotes":""},"categories":[1],"tags":[66,67,121,215],"class_list":["post-9198","post","type-post","status-publish","format-standard","has-post-thumbnail","hentry","category-noticia","tag-educacao","tag-ensino","tag-juntos","tag-pre-escolar"],"acf":[],"_links":{"self":[{"href":"https:\/\/realcolegio.pt\/en\/wp-json\/wp\/v2\/posts\/9198","targetHints":{"allow":["GET"]}}],"collection":[{"href":"https:\/\/realcolegio.pt\/en\/wp-json\/wp\/v2\/posts"}],"about":[{"href":"https:\/\/realcolegio.pt\/en\/wp-json\/wp\/v2\/types\/post"}],"author":[{"embeddable":true,"href":"https:\/\/realcolegio.pt\/en\/wp-json\/wp\/v2\/users\/2"}],"replies":[{"embeddable":true,"href":"https:\/\/realcolegio.pt\/en\/wp-json\/wp\/v2\/comments?post=9198"}],"version-history":[{"count":1,"href":"https:\/\/realcolegio.pt\/en\/wp-json\/wp\/v2\/posts\/9198\/revisions"}],"predecessor-version":[{"id":9200,"href":"https:\/\/realcolegio.pt\/en\/wp-json\/wp\/v2\/posts\/9198\/revisions\/9200"}],"wp:featuredmedia":[{"embeddable":true,"href":"https:\/\/realcolegio.pt\/en\/wp-json\/wp\/v2\/media\/9199"}],"wp:attachment":[{"href":"https:\/\/realcolegio.pt\/en\/wp-json\/wp\/v2\/media?parent=9198"}],"wp:term":[{"taxonomy":"category","embeddable":true,"href":"https:\/\/realcolegio.pt\/en\/wp-json\/wp\/v2\/categories?post=9198"},{"taxonomy":"post_tag","embeddable":true,"href":"https:\/\/realcolegio.pt\/en\/wp-json\/wp\/v2\/tags?post=9198"}],"curies":[{"name":"wp","href":"https:\/\/api.w.org\/{rel}","templated":true}]}}