{"id":7914,"date":"2026-04-28T17:36:17","date_gmt":"2026-04-28T16:36:17","guid":{"rendered":"https:\/\/realcolegio.pt\/?p=7914"},"modified":"2026-04-28T17:36:18","modified_gmt":"2026-04-28T16:36:18","slug":"as-maes-do-rcp-irao-viver-uma-manha-especial","status":"publish","type":"post","link":"https:\/\/realcolegio.pt\/en\/2026\/04\/28\/as-maes-do-rcp-irao-viver-uma-manha-especial\/","title":{"rendered":"As M\u00e3es do RCP ir\u00e3o viver uma manh\u00e3 especial!"},"content":{"rendered":"<figure class=\"wp-block-gallery aligncenter has-nested-images columns-default is-cropped wp-block-gallery-1 is-layout-flex wp-block-gallery-is-layout-flex\">\n<figure class=\"wp-block-image size-full\" id=\"Novo-Ano-Letivo\"><img loading=\"lazy\" decoding=\"async\" width=\"1080\" height=\"1350\" data-id=\"7915\" src=\"https:\/\/realcolegio.pt\/wp-content\/uploads\/2026\/04\/Imagem-Promocional-Dia-da-Mae-2026.jpg\" alt=\"\" class=\"wp-image-7915\" title=\"Novo Ano Letivo\" srcset=\"https:\/\/realcolegio.pt\/wp-content\/uploads\/2026\/04\/Imagem-Promocional-Dia-da-Mae-2026.jpg 1080w, https:\/\/realcolegio.pt\/wp-content\/uploads\/2026\/04\/Imagem-Promocional-Dia-da-Mae-2026-980x1225.jpg 980w, https:\/\/realcolegio.pt\/wp-content\/uploads\/2026\/04\/Imagem-Promocional-Dia-da-Mae-2026-480x600.jpg 480w\" sizes=\"auto, (min-width: 0px) and (max-width: 480px) 480px, (min-width: 481px) and (max-width: 980px) 980px, (min-width: 981px) 1080px, 100vw\" \/><figcaption class=\"wp-element-caption\">Dia da M\u00e3e RCP 2026<\/figcaption><\/figure>\n<\/figure>\n\n\n\n<p><\/p>\n\n\n\n<p><\/p>\n\n\n\n<p><\/p>\n\n\n\n<p>\u00c9 com grande alegria que informamos que no pr\u00f3ximo\u00a0<strong>dia 4 de Maio<\/strong>\u00a0iremos comemorar o\u00a0<strong>Dia da M\u00e3e,\u00a0<\/strong>dedicado a todas as mulheres \u00fanicas, fortes e inspiradoras, que todos os dias cuidam, educam e fazem crescer a nossa Comunidade Educativa com amor.<br><br>Preparamos uma manh\u00e3 simples, mas planeada com carinho\u00a0para que possam estar com os(as) vossos(as) filhos(as), partilharem momentos especiais e participarem em atividades divertidas que eles e elas ajudaram a preparar.\u00a0<br><br>A presen\u00e7a de cada uma de v\u00f3s tornar\u00e1 este momento ainda mais m\u00e1gico para as crian\u00e7as.\u00a0<br><br>Teremos todo o gosto em contar convosco..\u00a0<br><br>Caso, por algum motivo, n\u00e3o seja poss\u00edvel a presen\u00e7a da m\u00e3e, ser\u00e1 igualmente muito bem-vindo o pai ou qualquer outro(a) familiar pr\u00f3ximo(a) para participar neste momento encantador.<\/p>\n\n\n\n<p><strong>Programa da Manh\u00e3:\u00a0<\/strong><br><br><strong>9h00 \u2013 9h30<\/strong>\u00a0| Coffee break\u00a0<br><strong>9h30 \u2013 10h15<\/strong>\u00a0| Atividades surpresa\u00a0<br><strong>10h15 \u2013 10h25<\/strong>\u00a0| \u201cUm Presente para a Minha M\u00e3e\u201d\u00a0<br><strong>10h25 \u2013 10h30<\/strong>\u00a0| Momento Musical e Despedida\u00a0<br><br>Venham viver uma manh\u00e3 m\u00e1gica!<\/p>","protected":false},"excerpt":{"rendered":"<p>\u00c9 com grande alegria que informamos que no pr\u00f3ximo\u00a0dia 4 de Maio\u00a0iremos comemorar o\u00a0Dia da M\u00e3e,\u00a0dedicado a todas as mulheres \u00fanicas, fortes e inspiradoras, que todos os dias cuidam, educam [&hellip;]<\/p>\n","protected":false},"author":2,"featured_media":7915,"comment_status":"closed","ping_status":"closed","sticky":false,"template":"","format":"standard","meta":{"_acf_changed":false,"_et_pb_use_builder":"on","_et_pb_old_content":"","_et_gb_content_width":"","footnotes":""},"categories":[1],"tags":[376,286,124,30,377,66,284,378,224],"class_list":["post-7914","post","type-post","status-publish","format-standard","has-post-thumbnail","hentry","category-noticia","tag-2-o-ceb","tag-2-o-ciclo","tag-apoio","tag-colegio","tag-dia-da-mae","tag-educacao","tag-ensino-basico","tag-maes","tag-pre-escolar-2"],"acf":[],"_links":{"self":[{"href":"https:\/\/realcolegio.pt\/en\/wp-json\/wp\/v2\/posts\/7914","targetHints":{"allow":["GET"]}}],"collection":[{"href":"https:\/\/realcolegio.pt\/en\/wp-json\/wp\/v2\/posts"}],"about":[{"href":"https:\/\/realcolegio.pt\/en\/wp-json\/wp\/v2\/types\/post"}],"author":[{"embeddable":true,"href":"https:\/\/realcolegio.pt\/en\/wp-json\/wp\/v2\/users\/2"}],"replies":[{"embeddable":true,"href":"https:\/\/realcolegio.pt\/en\/wp-json\/wp\/v2\/comments?post=7914"}],"version-history":[{"count":1,"href":"https:\/\/realcolegio.pt\/en\/wp-json\/wp\/v2\/posts\/7914\/revisions"}],"predecessor-version":[{"id":7916,"href":"https:\/\/realcolegio.pt\/en\/wp-json\/wp\/v2\/posts\/7914\/revisions\/7916"}],"wp:featuredmedia":[{"embeddable":true,"href":"https:\/\/realcolegio.pt\/en\/wp-json\/wp\/v2\/media\/7915"}],"wp:attachment":[{"href":"https:\/\/realcolegio.pt\/en\/wp-json\/wp\/v2\/media?parent=7914"}],"wp:term":[{"taxonomy":"category","embeddable":true,"href":"https:\/\/realcolegio.pt\/en\/wp-json\/wp\/v2\/categories?post=7914"},{"taxonomy":"post_tag","embeddable":true,"href":"https:\/\/realcolegio.pt\/en\/wp-json\/wp\/v2\/tags?post=7914"}],"curies":[{"name":"wp","href":"https:\/\/api.w.org\/{rel}","templated":true}]}}