{"id":7630,"date":"2026-04-01T17:15:10","date_gmt":"2026-04-01T16:15:10","guid":{"rendered":"https:\/\/realcolegio.pt\/?p=7630"},"modified":"2026-04-01T17:15:52","modified_gmt":"2026-04-01T16:15:52","slug":"tolerancia-de-ponto-2-de-abril","status":"publish","type":"post","link":"https:\/\/realcolegio.pt\/en\/2026\/04\/01\/tolerancia-de-ponto-2-de-abril\/","title":{"rendered":"Toler\u00e2ncia\u00a0de\u00a0Ponto |\u00a02\u00a0de\u00a0Abril"},"content":{"rendered":"<figure class=\"wp-block-gallery aligncenter has-nested-images columns-default is-cropped wp-block-gallery-1 is-layout-flex wp-block-gallery-is-layout-flex\">\n<figure class=\"wp-block-image size-full\" id=\"Novo-Ano-Letivo\"><img loading=\"lazy\" decoding=\"async\" width=\"940\" height=\"788\" data-id=\"7639\" src=\"https:\/\/realcolegio.pt\/wp-content\/uploads\/2026\/04\/Informacoes-Colegio.png\" alt=\"\" class=\"wp-image-7639\" title=\"Novo Ano Letivo\" srcset=\"https:\/\/realcolegio.pt\/wp-content\/uploads\/2026\/04\/Informacoes-Colegio.png 940w, https:\/\/realcolegio.pt\/wp-content\/uploads\/2026\/04\/Informacoes-Colegio-480x402.png 480w\" sizes=\"auto, (min-width: 0px) and (max-width: 480px) 480px, (min-width: 481px) 940px, 100vw\" \/><\/figure>\n<\/figure>\n\n\n\n<p><\/p>\n\n\n\n<p><\/p>\n\n\n\n<p><\/p>\n\n\n\n<p>Considerando que a P\u00e1scoa, na sociedade portuguesa, constitui um per\u00edodo tradicionalmente associado \u00e0 conviv\u00eancia familiar e \u00e0 reuni\u00e3o com entes queridos, a Administra\u00e7\u00e3o da Real Academia&nbsp;de&nbsp;Portugal deliberou conceder Toler\u00e2ncia&nbsp;de&nbsp;Ponto no pr\u00f3ximo&nbsp;<strong>dia&nbsp;2&nbsp;de&nbsp;Abril&nbsp;de&nbsp;2026<\/strong>.<\/p>\n\n\n\n<p>Entendemos que esta data poder\u00e1 representar uma oportunidade privilegiada&nbsp;de&nbsp;reuni\u00e3o em fam\u00edlia, refor\u00e7ando la\u00e7os e momentos&nbsp;de&nbsp;proximidade, valores que reconhecemos como essenciais no percurso educativo dos nossos alunos.<\/p>\n\n\n\n<p><strong>A decis\u00e3o se encontra formalizada na Informa\u00e7\u00e3o n.\u00ba 02\/2026, a qual poder\u00e1 ser consultada <a href=\"https:\/\/realcolegio.pt\/wp-content\/uploads\/2026\/04\/Informacao-n.o-02-2026-Tolerancia-de-Ponto-Pascoa-2026.pdf\" data-type=\"link\" data-id=\"https:\/\/realcolegio.pt\/wp-content\/uploads\/2026\/04\/Informacao-n.o-02-2026-Tolerancia-de-Ponto-Pascoa-2026.pdf\">AQUI<\/a><\/strong>.<\/p>\n\n\n\n<p>Aproveitamos a ocasi\u00e3o para agradecer a todos e a todas o contributo di\u00e1rio para a qualidade e afirma\u00e7\u00e3o do Projeto Educativo do Real Col\u00e9gio\u00a0de\u00a0Portugal, das nossas fam\u00edlias e\u00a0de\u00a0todos os nossos colaboradores e colaboradoras.<\/p>","protected":false},"excerpt":{"rendered":"<p>Considerando que a P\u00e1scoa, na sociedade portuguesa, constitui um per\u00edodo tradicionalmente associado \u00e0 conviv\u00eancia familiar e \u00e0 reuni\u00e3o com entes queridos, a Administra\u00e7\u00e3o da Real Academia&nbsp;de&nbsp;Portugal deliberou conceder Toler\u00e2ncia&nbsp;de&nbsp;Ponto no pr\u00f3ximo&nbsp;dia&nbsp;2&nbsp;de&nbsp;Abril&nbsp;de&nbsp;2026. Entendemos que esta data poder\u00e1 representar uma oportunidade privilegiada&nbsp;de&nbsp;reuni\u00e3o em fam\u00edlia, refor\u00e7ando la\u00e7os e momentos&nbsp;de&nbsp;proximidade, valores que reconhecemos como essenciais no percurso educativo dos [&hellip;]<\/p>\n","protected":false},"author":2,"featured_media":7639,"comment_status":"closed","ping_status":"closed","sticky":false,"template":"","format":"standard","meta":{"_acf_changed":false,"_et_pb_use_builder":"on","_et_pb_old_content":"","_et_gb_content_width":"","footnotes":""},"categories":[1],"tags":[348,30,66,347,346],"class_list":["post-7630","post","type-post","status-publish","format-standard","has-post-thumbnail","hentry","category-noticia","tag-2-de-abril","tag-colegio","tag-educacao","tag-pascoa","tag-tolerancia-de-ponto"],"acf":[],"_links":{"self":[{"href":"https:\/\/realcolegio.pt\/en\/wp-json\/wp\/v2\/posts\/7630","targetHints":{"allow":["GET"]}}],"collection":[{"href":"https:\/\/realcolegio.pt\/en\/wp-json\/wp\/v2\/posts"}],"about":[{"href":"https:\/\/realcolegio.pt\/en\/wp-json\/wp\/v2\/types\/post"}],"author":[{"embeddable":true,"href":"https:\/\/realcolegio.pt\/en\/wp-json\/wp\/v2\/users\/2"}],"replies":[{"embeddable":true,"href":"https:\/\/realcolegio.pt\/en\/wp-json\/wp\/v2\/comments?post=7630"}],"version-history":[{"count":1,"href":"https:\/\/realcolegio.pt\/en\/wp-json\/wp\/v2\/posts\/7630\/revisions"}],"predecessor-version":[{"id":7641,"href":"https:\/\/realcolegio.pt\/en\/wp-json\/wp\/v2\/posts\/7630\/revisions\/7641"}],"wp:featuredmedia":[{"embeddable":true,"href":"https:\/\/realcolegio.pt\/en\/wp-json\/wp\/v2\/media\/7639"}],"wp:attachment":[{"href":"https:\/\/realcolegio.pt\/en\/wp-json\/wp\/v2\/media?parent=7630"}],"wp:term":[{"taxonomy":"category","embeddable":true,"href":"https:\/\/realcolegio.pt\/en\/wp-json\/wp\/v2\/categories?post=7630"},{"taxonomy":"post_tag","embeddable":true,"href":"https:\/\/realcolegio.pt\/en\/wp-json\/wp\/v2\/tags?post=7630"}],"curies":[{"name":"wp","href":"https:\/\/api.w.org\/{rel}","templated":true}]}}