{"id":7616,"date":"2026-03-27T16:10:08","date_gmt":"2026-03-27T16:10:08","guid":{"rendered":"https:\/\/realcolegio.pt\/?p=7616"},"modified":"2026-03-27T16:10:09","modified_gmt":"2026-03-27T16:10:09","slug":"entre-o-acolher-e-o-orientar-o-nao-tambem-cuida","status":"publish","type":"post","link":"https:\/\/realcolegio.pt\/en\/2026\/03\/27\/entre-o-acolher-e-o-orientar-o-nao-tambem-cuida\/","title":{"rendered":"Entre o Acolher e o Orientar: O \u201cN\u00e3o\u201d Tamb\u00e9m Cuida"},"content":{"rendered":"<figure class=\"wp-block-gallery aligncenter has-nested-images columns-default is-cropped wp-block-gallery-1 is-layout-flex wp-block-gallery-is-layout-flex\">\n<figure class=\"wp-block-image size-full\" id=\"Novo-Ano-Letivo\"><img loading=\"lazy\" decoding=\"async\" width=\"1080\" height=\"1350\" data-id=\"7619\" src=\"https:\/\/realcolegio.pt\/wp-content\/uploads\/2026\/03\/Novo-Artigo-Dra.-Sandra-30-Marco.jpg\" alt=\"\" class=\"wp-image-7619\" title=\"Novo Ano Letivo\" srcset=\"https:\/\/realcolegio.pt\/wp-content\/uploads\/2026\/03\/Novo-Artigo-Dra.-Sandra-30-Marco.jpg 1080w, https:\/\/realcolegio.pt\/wp-content\/uploads\/2026\/03\/Novo-Artigo-Dra.-Sandra-30-Marco-980x1225.jpg 980w, https:\/\/realcolegio.pt\/wp-content\/uploads\/2026\/03\/Novo-Artigo-Dra.-Sandra-30-Marco-480x600.jpg 480w\" sizes=\"auto, (min-width: 0px) and (max-width: 480px) 480px, (min-width: 481px) and (max-width: 980px) 980px, (min-width: 981px) 1080px, 100vw\" \/><\/figure>\n<\/figure>\n\n\n\n<p><\/p>\n\n\n\n<p><\/p>\n\n\n\n<p><\/p>\n\n\n\n<p>O \u201cn\u00e3o\u201d \u00e9, muitas vezes, uma das palavras mais dif\u00edceis de usar na educa\u00e7\u00e3o. N\u00e3o pela sua complexidade, mas pelo que desperta em quem a diz. Surge a d\u00favida, o receio de frustrar, a vontade de proteger e de manter a harmonia. Colocar um limite pode parecer um afastamento. No entanto, \u00e9 precisamente o contr\u00e1rio que est\u00e1 em causa.<\/p>\n\n\n\n<p>Tanto no contexto familiar como no educativo, o \u201cn\u00e3o\u201d faz parte das pequenas decis\u00f5es do dia a dia. Surge nas m\u00faltiplas situa\u00e7\u00f5es do quotidiano em que a crian\u00e7a testa limites, expressa vontades ou procura prolongar experi\u00eancias. Integra-se na organiza\u00e7\u00e3o das rotinas, na gest\u00e3o das intera\u00e7\u00f5es e na utiliza\u00e7\u00e3o dos espa\u00e7os e materiais. Assume, assim, uma fun\u00e7\u00e3o essencial estruturar, orientar e apoiar a crian\u00e7a na<br>compreens\u00e3o progressiva do mundo que a rodeia.<\/p>\n\n\n\n<p>No Real Col\u00e9gio de Portugal, o \u201cn\u00e3o\u201d integra-se de forma natural nas viv\u00eancias das crian\u00e7as. Uma crian\u00e7a que se antecipa para ser a primeira a sair da sala. Outra que, no entusiasmo da brincadeira, ultrapassa o espa\u00e7o do colega, ou aquela que, j\u00e1 cansada, resiste ao momento de arrumar. Situa\u00e7\u00f5es simples, mas que exigem intencionalidade na resposta.<\/p>\n\n\n\n<p>Quando o adulto diz \u201cn\u00e3o podemos sair todos ao mesmo tempo, vamos esperar pela nossa vez\u201d, est\u00e1 a fazer mais do que gerir uma rotina. Est\u00e1 a promover a compreens\u00e3o de regras partilhadas, o respeito pelo outro e a no\u00e7\u00e3o de perten\u00e7a a um grupo. <\/p>\n\n\n\n<p>Em momentos de maior intensidade emocional, o papel do \u201cn\u00e3o\u201d torna-se ainda mais evidente. O limite \u00e9 necess\u00e1rio: \u201cn\u00e3o podemos magoar\u201d, \u201cn\u00e3o podemos falar assim\u201d, mas o que faz a diferen\u00e7a \u00e9 o que acompanha esse limite. Ao reconhecer \u201ceu sei que est\u00e1s zangado\u201d ou \u201cpercebo que querias continuar\u201d, o adulto mostra que a emo\u00e7\u00e3o \u00e9 leg\u00edtima, mesmo que o comportamento n\u00e3o o seja.<\/p>\n\n\n\n<p>Tamb\u00e9m nas situa\u00e7\u00f5es mais simples, como atirar objetos, recusar arrumar ou insistir numa vontade imediata, o \u201cn\u00e3o\u201d pode ser um ponto de orienta\u00e7\u00e3o. Quando \u00e9 acompanhado por alternativas claras, ajuda a crian\u00e7a a reorganizar-se: \u201cn\u00e3o atiramos brinquedos, mas podes brincar no tapete\u201d, \u201cn\u00e3o podemos continuar agora, mas podemos voltar a isto mais tarde\u201d. H\u00e1 uma continuidade, uma dire\u00e7\u00e3o.<\/p>\n\n\n\n<p>A forma como o \u201cn\u00e3o\u201d \u00e9 dito tem um impacto profundo. Um limite claro, comunicado com tranquilidade e coer\u00eancia, transmite seguran\u00e7a. A crian\u00e7a percebe o que \u00e9 esperado e sente que h\u00e1 um adulto presente, que orienta sem afastar. Pelo contr\u00e1rio, um \u201cn\u00e3o\u201d inconsistente ou evitado tende a gerar confus\u00e3o, inseguran\u00e7a ou dificuldade em lidar com regras.<\/p>\n\n\n\n<p>A frustra\u00e7\u00e3o, inevit\u00e1vel neste processo surge no choro, na oposi\u00e7\u00e3o, na insist\u00eancia. Nem sempre \u00e9 f\u00e1cil de gerir, sobretudo em casa, onde o v\u00ednculo emocional \u00e9 ainda mais intenso. Ainda assim, quando o adulto mant\u00e9m o limite e permanece dispon\u00edvel, est\u00e1 a ajudar a crian\u00e7a a desenvolver compet\u00eancias fundamentais, como a autorregula\u00e7\u00e3o, a capacidade de esperar e a adapta\u00e7\u00e3o a diferentes contextos.<\/p>\n\n\n\n<p>No Real Col\u00e9gio de Portugal, este equil\u00edbrio entre acolher e definir limites \u00e9 entendido como parte essencial do desenvolvimento.<\/p>\n\n\n\n<p>Em resumo, dizer \u201cn\u00e3o\u201d \u00e9, muitas vezes, a forma mais exigente e mais genu\u00edna de cuidar, ao oferecer \u00e0 crian\u00e7a limites seguros dentro de uma rela\u00e7\u00e3o que permanece presente e acolhedora.<\/p>","protected":false},"excerpt":{"rendered":"<p>O \u201cn\u00e3o\u201d \u00e9, muitas vezes, uma das palavras mais dif\u00edceis de usar na educa\u00e7\u00e3o. N\u00e3o pela sua complexidade, mas pelo que desperta em quem a diz. Surge a d\u00favida, o receio de frustrar, a vontade de proteger e de manter a harmonia. Colocar um limite pode parecer um afastamento. No entanto, \u00e9 precisamente o contr\u00e1rio [&hellip;]<\/p>\n","protected":false},"author":2,"featured_media":7619,"comment_status":"closed","ping_status":"closed","sticky":false,"template":"","format":"standard","meta":{"_acf_changed":false,"_et_pb_use_builder":"on","_et_pb_old_content":"","_et_gb_content_width":"","footnotes":""},"categories":[1],"tags":[343,30,345,66,240,344,336],"class_list":["post-7616","post","type-post","status-publish","format-standard","has-post-thumbnail","hentry","category-noticia","tag-acolhimento","tag-colegio","tag-dizer-nao","tag-educacao","tag-infancia","tag-parentalidade","tag-pedagogia"],"acf":[],"_links":{"self":[{"href":"https:\/\/realcolegio.pt\/en\/wp-json\/wp\/v2\/posts\/7616","targetHints":{"allow":["GET"]}}],"collection":[{"href":"https:\/\/realcolegio.pt\/en\/wp-json\/wp\/v2\/posts"}],"about":[{"href":"https:\/\/realcolegio.pt\/en\/wp-json\/wp\/v2\/types\/post"}],"author":[{"embeddable":true,"href":"https:\/\/realcolegio.pt\/en\/wp-json\/wp\/v2\/users\/2"}],"replies":[{"embeddable":true,"href":"https:\/\/realcolegio.pt\/en\/wp-json\/wp\/v2\/comments?post=7616"}],"version-history":[{"count":1,"href":"https:\/\/realcolegio.pt\/en\/wp-json\/wp\/v2\/posts\/7616\/revisions"}],"predecessor-version":[{"id":7620,"href":"https:\/\/realcolegio.pt\/en\/wp-json\/wp\/v2\/posts\/7616\/revisions\/7620"}],"wp:featuredmedia":[{"embeddable":true,"href":"https:\/\/realcolegio.pt\/en\/wp-json\/wp\/v2\/media\/7619"}],"wp:attachment":[{"href":"https:\/\/realcolegio.pt\/en\/wp-json\/wp\/v2\/media?parent=7616"}],"wp:term":[{"taxonomy":"category","embeddable":true,"href":"https:\/\/realcolegio.pt\/en\/wp-json\/wp\/v2\/categories?post=7616"},{"taxonomy":"post_tag","embeddable":true,"href":"https:\/\/realcolegio.pt\/en\/wp-json\/wp\/v2\/tags?post=7616"}],"curies":[{"name":"wp","href":"https:\/\/api.w.org\/{rel}","templated":true}]}}