{"id":7602,"date":"2026-03-27T13:01:09","date_gmt":"2026-03-27T13:01:09","guid":{"rendered":"https:\/\/realcolegio.pt\/?p=7602"},"modified":"2026-03-27T16:04:56","modified_gmt":"2026-03-27T16:04:56","slug":"o-1-o-ciclo-foi-ao-explica-me-como-se-tivesse-5-anos","status":"publish","type":"post","link":"https:\/\/realcolegio.pt\/en\/2026\/03\/27\/o-1-o-ciclo-foi-ao-explica-me-como-se-tivesse-5-anos\/","title":{"rendered":"O 1.\u00ba Ciclo foi ao &#8220;Explica-me Como Se Tivesse 5 Anos&#8221;"},"content":{"rendered":"<figure class=\"wp-block-gallery aligncenter has-nested-images columns-default is-cropped wp-block-gallery-1 is-layout-flex wp-block-gallery-is-layout-flex\">\n<figure class=\"wp-block-image size-full\" id=\"Novo-Ano-Letivo\"><img loading=\"lazy\" decoding=\"async\" width=\"940\" height=\"788\" data-id=\"7603\" src=\"https:\/\/realcolegio.pt\/wp-content\/uploads\/2026\/03\/Capa-San.png\" alt=\"\" class=\"wp-image-7603\" title=\"Novo Ano Letivo\" srcset=\"https:\/\/realcolegio.pt\/wp-content\/uploads\/2026\/03\/Capa-San.png 940w, https:\/\/realcolegio.pt\/wp-content\/uploads\/2026\/03\/Capa-San-480x402.png 480w\" sizes=\"auto, (min-width: 0px) and (max-width: 480px) 480px, (min-width: 481px) 940px, 100vw\" \/><figcaption class=\"wp-element-caption\">1.\u00ba Ciclo no Instituto Superior T\u00e9cnico<\/figcaption><\/figure>\n<\/figure>\n\n\n\n<p><\/p>\n\n\n\n<p><\/p>\n\n\n\n<p>Os alunos e alunas do 1.\u00ba ciclo do Real Col\u00e9gio de Portugal participaram recentemente na atividade <strong>\u201cDe onde v\u00eam as coisas com que fazemos as coisas?\u201d<\/strong>, integrada na iniciativa educativa <strong>\u201cExplica-me como se tivesse 5 anos\u201d<\/strong>, dinamizada por investigadores e estudantes universit\u00e1rios.<\/p>\n\n\n\n<p>Durante esta experi\u00eancia, as crian\u00e7as tiveram a oportunidade de descobrir, de forma simples e interativa, a origem dos materiais utilizados no dia a dia. Atrav\u00e9s de exemplos concretos e atividades pr\u00e1ticas, compreenderam que muitos objetos que utilizamos s\u00e3o feitos a partir de recursos naturais, como madeira, areia, metais e petr\u00f3leo, e refletiram sobre a import\u00e2ncia da reciclagem e do uso respons\u00e1vel dos recursos.<\/p>\n\n\n\n<p>A participa\u00e7\u00e3o nesta atividade constituiu um momento enriquecedor de aprendizagem fora da sala de aula, promovendo a curiosidade cient\u00edfica, o pensamento cr\u00edtico e a consci\u00eancia ambiental. Os alunos demonstraram grande entusiasmo ao explorar temas relacionados com a ci\u00eancia e a sustentabilidade, refor\u00e7ando o gosto pela descoberta e pelo conhecimento.<\/p>\n\n\n\n<p>O Real Col\u00e9gio de Portugal continua, assim, a apostar em experi\u00eancias educativas diversificadas que estimulam a aprendizagem ativa e o contacto com o mundo cient\u00edfico.<\/p>\n\n\n\n<p>Veja algumas imagens abaixo:<\/p>\n\n\n\n<figure class=\"wp-block-gallery has-nested-images columns-default is-cropped wp-block-gallery-2 is-layout-flex wp-block-gallery-is-layout-flex\">\n<figure class=\"wp-block-image size-large\"><img loading=\"lazy\" decoding=\"async\" width=\"768\" height=\"1024\" data-id=\"7606\" src=\"https:\/\/realcolegio.pt\/wp-content\/uploads\/2026\/03\/San-12-768x1024.jpeg\" alt=\"\" class=\"wp-image-7606\"\/><\/figure>\n\n\n\n<figure class=\"wp-block-image size-large\"><img loading=\"lazy\" decoding=\"async\" width=\"768\" height=\"1024\" data-id=\"7604\" src=\"https:\/\/realcolegio.pt\/wp-content\/uploads\/2026\/03\/San-10-768x1024.jpeg\" alt=\"\" class=\"wp-image-7604\"\/><\/figure>\n\n\n\n<figure class=\"wp-block-image size-large\"><img loading=\"lazy\" decoding=\"async\" width=\"768\" height=\"1024\" data-id=\"7605\" src=\"https:\/\/realcolegio.pt\/wp-content\/uploads\/2026\/03\/San-9-768x1024.jpeg\" alt=\"\" class=\"wp-image-7605\"\/><\/figure>\n\n\n\n<figure class=\"wp-block-image size-large\"><img loading=\"lazy\" decoding=\"async\" width=\"768\" height=\"1024\" data-id=\"7610\" src=\"https:\/\/realcolegio.pt\/wp-content\/uploads\/2026\/03\/San-8-768x1024.jpeg\" alt=\"\" class=\"wp-image-7610\"\/><\/figure>\n\n\n\n<figure class=\"wp-block-image size-large\"><img loading=\"lazy\" decoding=\"async\" width=\"768\" height=\"1024\" data-id=\"7607\" src=\"https:\/\/realcolegio.pt\/wp-content\/uploads\/2026\/03\/San-7-768x1024.jpeg\" alt=\"\" class=\"wp-image-7607\"\/><\/figure>\n\n\n\n<figure class=\"wp-block-image size-large\"><img loading=\"lazy\" decoding=\"async\" width=\"768\" height=\"1024\" data-id=\"7612\" src=\"https:\/\/realcolegio.pt\/wp-content\/uploads\/2026\/03\/San-6-768x1024.jpeg\" alt=\"\" class=\"wp-image-7612\"\/><\/figure>\n\n\n\n<figure class=\"wp-block-image size-large\"><img loading=\"lazy\" decoding=\"async\" width=\"768\" height=\"1024\" data-id=\"7614\" src=\"https:\/\/realcolegio.pt\/wp-content\/uploads\/2026\/03\/San-5-768x1024.jpeg\" alt=\"\" class=\"wp-image-7614\"\/><\/figure>\n\n\n\n<figure class=\"wp-block-image size-large\"><img loading=\"lazy\" decoding=\"async\" width=\"768\" height=\"1024\" data-id=\"7609\" src=\"https:\/\/realcolegio.pt\/wp-content\/uploads\/2026\/03\/San-4-768x1024.jpeg\" alt=\"\" class=\"wp-image-7609\"\/><\/figure>\n\n\n\n<figure class=\"wp-block-image size-large\"><img loading=\"lazy\" decoding=\"async\" width=\"768\" height=\"1024\" data-id=\"7608\" src=\"https:\/\/realcolegio.pt\/wp-content\/uploads\/2026\/03\/San-3-768x1024.jpeg\" alt=\"\" class=\"wp-image-7608\"\/><\/figure>\n\n\n\n<figure class=\"wp-block-image size-large\"><img loading=\"lazy\" decoding=\"async\" width=\"768\" height=\"1024\" data-id=\"7611\" src=\"https:\/\/realcolegio.pt\/wp-content\/uploads\/2026\/03\/San-2-768x1024.jpeg\" alt=\"\" class=\"wp-image-7611\"\/><\/figure>\n\n\n\n<figure class=\"wp-block-image size-large\"><img loading=\"lazy\" decoding=\"async\" width=\"768\" height=\"1024\" data-id=\"7613\" src=\"https:\/\/realcolegio.pt\/wp-content\/uploads\/2026\/03\/San-1-768x1024.jpeg\" alt=\"\" class=\"wp-image-7613\"\/><\/figure>\n<\/figure>","protected":false},"excerpt":{"rendered":"<p>Os alunos e alunas do 1.\u00ba ciclo do Real Col\u00e9gio de Portugal participaram recentemente na atividade \u201cDe onde v\u00eam as coisas com que fazemos as coisas?\u201d, integrada na iniciativa educativa \u201cExplica-me como se tivesse 5 anos\u201d, dinamizada por investigadores e estudantes universit\u00e1rios. Durante esta experi\u00eancia, as crian\u00e7as tiveram a oportunidade de descobrir, de forma simples [&hellip;]<\/p>\n","protected":false},"author":2,"featured_media":7603,"comment_status":"closed","ping_status":"closed","sticky":false,"template":"","format":"standard","meta":{"_acf_changed":false,"_et_pb_use_builder":"on","_et_pb_old_content":"","_et_gb_content_width":"","footnotes":""},"categories":[1],"tags":[249,137,342,67,341,331,280],"class_list":["post-7602","post","type-post","status-publish","format-standard","has-post-thumbnail","hentry","category-noticia","tag-1o-ciclo","tag-atividade","tag-ciencia","tag-ensino","tag-instituto-superior-tecnico","tag-integracao","tag-real-colegio-de-portugal"],"acf":[],"_links":{"self":[{"href":"https:\/\/realcolegio.pt\/en\/wp-json\/wp\/v2\/posts\/7602","targetHints":{"allow":["GET"]}}],"collection":[{"href":"https:\/\/realcolegio.pt\/en\/wp-json\/wp\/v2\/posts"}],"about":[{"href":"https:\/\/realcolegio.pt\/en\/wp-json\/wp\/v2\/types\/post"}],"author":[{"embeddable":true,"href":"https:\/\/realcolegio.pt\/en\/wp-json\/wp\/v2\/users\/2"}],"replies":[{"embeddable":true,"href":"https:\/\/realcolegio.pt\/en\/wp-json\/wp\/v2\/comments?post=7602"}],"version-history":[{"count":1,"href":"https:\/\/realcolegio.pt\/en\/wp-json\/wp\/v2\/posts\/7602\/revisions"}],"predecessor-version":[{"id":7615,"href":"https:\/\/realcolegio.pt\/en\/wp-json\/wp\/v2\/posts\/7602\/revisions\/7615"}],"wp:featuredmedia":[{"embeddable":true,"href":"https:\/\/realcolegio.pt\/en\/wp-json\/wp\/v2\/media\/7603"}],"wp:attachment":[{"href":"https:\/\/realcolegio.pt\/en\/wp-json\/wp\/v2\/media?parent=7602"}],"wp:term":[{"taxonomy":"category","embeddable":true,"href":"https:\/\/realcolegio.pt\/en\/wp-json\/wp\/v2\/categories?post=7602"},{"taxonomy":"post_tag","embeddable":true,"href":"https:\/\/realcolegio.pt\/en\/wp-json\/wp\/v2\/tags?post=7602"}],"curies":[{"name":"wp","href":"https:\/\/api.w.org\/{rel}","templated":true}]}}