{"id":7497,"date":"2026-03-20T17:14:35","date_gmt":"2026-03-20T17:14:35","guid":{"rendered":"https:\/\/realcolegio.pt\/?p=7497"},"modified":"2026-03-20T17:14:36","modified_gmt":"2026-03-20T17:14:36","slug":"estao-a-chegar-as-reais-ferias-da-pascoa","status":"publish","type":"post","link":"https:\/\/realcolegio.pt\/en\/2026\/03\/20\/estao-a-chegar-as-reais-ferias-da-pascoa\/","title":{"rendered":"Est\u00e3o a chegar as Reais F\u00e9rias da P\u00e1scoa!"},"content":{"rendered":"<figure class=\"wp-block-gallery aligncenter has-nested-images columns-default is-cropped wp-block-gallery-1 is-layout-flex wp-block-gallery-is-layout-flex\">\n<figure class=\"wp-block-image size-large\" id=\"Novo-Ano-Letivo\"><img loading=\"lazy\" decoding=\"async\" width=\"819\" height=\"1024\" data-id=\"7498\" src=\"https:\/\/realcolegio.pt\/wp-content\/uploads\/2026\/03\/Reais-Ferias-da-Pascoa--819x1024.png\" alt=\"\" class=\"wp-image-7498\" title=\"Novo Ano Letivo\"\/><figcaption class=\"wp-element-caption\">Reais F\u00e9rias de Natal 2025<\/figcaption><\/figure>\n<\/figure>\n\n\n\n<p><\/p>\n\n\n\n<p><\/p>\n\n\n\n<p>\u00c9 com grande satisfa\u00e7\u00e3o que informamos que na pausa letiva da&nbsp;P\u00e1scoa&nbsp;de 30 de Mar\u00e7o a 10 de Abril, entre as 9h00 e as 16h00, ir\u00e3o decorrer as atividades das&nbsp;<strong>Reais&nbsp;F\u00e9rias&nbsp;da&nbsp;P\u00e1scoa&nbsp;2026!&nbsp;<\/strong><\/p>\n\n\n\n<p>O Col\u00e9gio continuar\u00e1 aberto no seu hor\u00e1rio habitual das 8H00 \u00e0s 19H00.&nbsp;<\/p>\n\n\n\n<p>Estas atividades estar\u00e3o dispon\u00edveis para&nbsp;todos os alunos e alunas do Real Col\u00e9gio de Portugal, da Pr\u00e9-Escolar ao Ensino Secund\u00e1rio, sendo que as mesmas&nbsp;<strong>n\u00e3o t\u00eam qualquer custo adicional, excetuando aquelas que ocorrem no exterior do col\u00e9gio&nbsp;<\/strong>e&nbsp;<strong>cuja fatura ser\u00e1 enviada por email no dia 27 de Mar\u00e7o.<\/strong><\/p>\n\n\n\n<p>Disponibilizamos estas atividades para apoiar as fam\u00edlias e os\/as encarregado(a)s de educa\u00e7\u00e3o que necessitem de deixar as crian\u00e7as num ambiente seguro, divertido e did\u00e1tico durante esta \u00e9poca.<\/p>\n\n\n\n<p><strong>Pode consultar os programas de atividades para os diferentes ciclos aqui: <\/strong><a href=\"https:\/\/realcolegio.pt\/wp-content\/uploads\/2026\/03\/Programa-Reais-Ferias-da-Pascoa_Pre.pdf\" target=\"_blank\" data-type=\"link\" data-id=\"https:\/\/realcolegio.pt\/wp-content\/uploads\/2026\/03\/Programa-Reais-Ferias-da-Pascoa_Pre.pdf\" rel=\"noreferrer noopener\">Pr\u00e9-Escolar<\/a>, <a href=\"https:\/\/realcolegio.pt\/wp-content\/uploads\/2026\/03\/Prog.-Reais-Ferias-da-Pascoa-1o-CEB.pdf\" target=\"_blank\" data-type=\"link\" data-id=\"https:\/\/realcolegio.pt\/wp-content\/uploads\/2026\/03\/Prog.-Reais-Ferias-da-Pascoa-1o-CEB.pdf\" rel=\"noreferrer noopener\">1.\u00ba Ciclo<\/a>, <a href=\"https:\/\/realcolegio.pt\/wp-content\/uploads\/2026\/03\/Programa-Reais-Ferias-da-Pascoa-Pisani.pdf\" target=\"_blank\" data-type=\"link\" data-id=\"https:\/\/realcolegio.pt\/wp-content\/uploads\/2026\/03\/Programa-Reais-Ferias-da-Pascoa-Pisani.pdf\" rel=\"noreferrer noopener\">2.\u00ba, 3.\u00ba Ciclo e Ensino Secund\u00e1rio<\/a><\/p>\n\n\n\n<p><strong>Pode ainda preencher o formul\u00e1rio de inscri\u00e7\u00e3o<\/strong> <a href=\"https:\/\/docs.google.com\/forms\/d\/e\/1FAIpQLSdqrpckk8bUZ0GkM2OMxjt_UonLl7GgJMjzrE8VOtiT_7s4eA\/viewform\" data-type=\"link\" data-id=\"https:\/\/docs.google.com\/forms\/d\/e\/1FAIpQLSdqrpckk8bUZ0GkM2OMxjt_UonLl7GgJMjzrE8VOtiT_7s4eA\/viewform\" target=\"_blank\" rel=\"noreferrer noopener\">AQUI<\/a>, at\u00e9 ao dia\u00a0<strong>25 de Mar\u00e7o.<\/strong><\/p>\n\n\n\n<p>Juntos construimos o futuro!<\/p>\n\n\n\n<p><\/p>\n\n\n\n<p><\/p>\n\n\n\n<p><\/p>\n\n\n\n<p><\/p>\n\n\n\n<p><\/p>\n\n\n\n<p><\/p>","protected":false},"excerpt":{"rendered":"<p>\u00c9 com grande satisfa\u00e7\u00e3o que informamos que na pausa letiva da&nbsp;P\u00e1scoa&nbsp;de 30 de Mar\u00e7o a 10 de Abril, entre as 9h00 e as 16h00, ir\u00e3o decorrer as atividades das&nbsp;Reais&nbsp;F\u00e9rias&nbsp;da&nbsp;P\u00e1scoa&nbsp;2026!&nbsp; O Col\u00e9gio continuar\u00e1 aberto no seu hor\u00e1rio habitual das 8H00 \u00e0s 19H00.&nbsp; Estas atividades estar\u00e3o dispon\u00edveis para&nbsp;todos os alunos e alunas do Real Col\u00e9gio de Portugal, [&hellip;]<\/p>\n","protected":false},"author":2,"featured_media":7498,"comment_status":"closed","ping_status":"closed","sticky":false,"template":"","format":"standard","meta":{"_acf_changed":false,"_et_pb_use_builder":"on","_et_pb_old_content":"","_et_gb_content_width":"","footnotes":""},"categories":[1],"tags":[237,30,239,66,236,67,240,235,224],"class_list":["post-7497","post","type-post","status-publish","format-standard","has-post-thumbnail","hentry","category-noticia","tag-colaboracao","tag-colegio","tag-creche","tag-educacao","tag-encarregados","tag-ensino","tag-infancia","tag-pais","tag-pre-escolar-2"],"acf":[],"_links":{"self":[{"href":"https:\/\/realcolegio.pt\/en\/wp-json\/wp\/v2\/posts\/7497","targetHints":{"allow":["GET"]}}],"collection":[{"href":"https:\/\/realcolegio.pt\/en\/wp-json\/wp\/v2\/posts"}],"about":[{"href":"https:\/\/realcolegio.pt\/en\/wp-json\/wp\/v2\/types\/post"}],"author":[{"embeddable":true,"href":"https:\/\/realcolegio.pt\/en\/wp-json\/wp\/v2\/users\/2"}],"replies":[{"embeddable":true,"href":"https:\/\/realcolegio.pt\/en\/wp-json\/wp\/v2\/comments?post=7497"}],"version-history":[{"count":2,"href":"https:\/\/realcolegio.pt\/en\/wp-json\/wp\/v2\/posts\/7497\/revisions"}],"predecessor-version":[{"id":7537,"href":"https:\/\/realcolegio.pt\/en\/wp-json\/wp\/v2\/posts\/7497\/revisions\/7537"}],"wp:featuredmedia":[{"embeddable":true,"href":"https:\/\/realcolegio.pt\/en\/wp-json\/wp\/v2\/media\/7498"}],"wp:attachment":[{"href":"https:\/\/realcolegio.pt\/en\/wp-json\/wp\/v2\/media?parent=7497"}],"wp:term":[{"taxonomy":"category","embeddable":true,"href":"https:\/\/realcolegio.pt\/en\/wp-json\/wp\/v2\/categories?post=7497"},{"taxonomy":"post_tag","embeddable":true,"href":"https:\/\/realcolegio.pt\/en\/wp-json\/wp\/v2\/tags?post=7497"}],"curies":[{"name":"wp","href":"https:\/\/api.w.org\/{rel}","templated":true}]}}