{"id":7489,"date":"2026-03-20T14:03:50","date_gmt":"2026-03-20T14:03:50","guid":{"rendered":"https:\/\/realcolegio.pt\/?p=7489"},"modified":"2026-03-20T14:03:51","modified_gmt":"2026-03-20T14:03:51","slug":"cada-aluno-um-percurso-a-transformacao-pedagogica-no-real-colegio-de-portugal","status":"publish","type":"post","link":"https:\/\/realcolegio.pt\/en\/2026\/03\/20\/cada-aluno-um-percurso-a-transformacao-pedagogica-no-real-colegio-de-portugal\/","title":{"rendered":"Cada Aluno, um Percurso: A Transforma\u00e7\u00e3o Pedag\u00f3gica no Real Col\u00e9gio de Portugal"},"content":{"rendered":"<figure class=\"wp-block-gallery aligncenter has-nested-images columns-default is-cropped wp-block-gallery-1 is-layout-flex wp-block-gallery-is-layout-flex\">\n<figure class=\"wp-block-image size-full\" id=\"Novo-Ano-Letivo\"><img loading=\"lazy\" decoding=\"async\" width=\"1080\" height=\"1350\" data-id=\"7491\" src=\"https:\/\/realcolegio.pt\/wp-content\/uploads\/2026\/03\/Artigo-Joao-Esteves-23_marco-1.png\" alt=\"\" class=\"wp-image-7491\" title=\"Novo Ano Letivo\" srcset=\"https:\/\/realcolegio.pt\/wp-content\/uploads\/2026\/03\/Artigo-Joao-Esteves-23_marco-1.png 1080w, https:\/\/realcolegio.pt\/wp-content\/uploads\/2026\/03\/Artigo-Joao-Esteves-23_marco-1-980x1225.png 980w, https:\/\/realcolegio.pt\/wp-content\/uploads\/2026\/03\/Artigo-Joao-Esteves-23_marco-1-480x600.png 480w\" sizes=\"auto, (min-width: 0px) and (max-width: 480px) 480px, (min-width: 481px) and (max-width: 980px) 980px, (min-width: 981px) 1080px, 100vw\" \/><\/figure>\n<\/figure>\n\n\n\n<p><\/p>\n\n\n\n<p><\/p>\n\n\n\n<p><\/p>\n\n\n\n<p>No passado m\u00eas de setembro de 2025 foi exarado por despacho de homologa\u00e7\u00e3o por suas excel\u00eancias o Secret\u00e1rio de Estado Adjunto e a Secret\u00e1ria de Estado da Administra\u00e7\u00e3o Escolar o Projeto-Piloto de Inova\u00e7\u00e3o Pedag\u00f3gica do Real Col\u00e9gio de Portugal.<\/p>\n\n\n\n<p>Este projeto \u00e9 uma iniciativa de Minist\u00e9rio da Educa\u00e7\u00e3o, para o ensino secund\u00e1rio, que permite ao nosso col\u00e9gio organizar o plano curricular por cada aluno de modo a flexibilizar o percurso e a focar-se nas aprendizagens de cada aluno.<\/p>\n\n\n\n<p>A matriz curricular do ensino secund\u00e1rio divide-se nas componentes geral e espec\u00edfica. A primeira de estrutura igual para todos os cursos mant\u00e9m-se, a segunda pode ser definida pelo no d\u00e9cimo ano e se necess\u00e1rio ser redefinida no d\u00e9cimo primeiro ano sem preju\u00edzo da data de finaliza\u00e7\u00e3o da escolaridade m\u00ednima obrigat\u00f3ria. Desde setembro de 2025 que os alunos do ensino secund\u00e1rio, do Real Col\u00e9gio de Portugal, podem definir as disciplinas bienais que pretendem realizar. Esta escolha pode ser realizada de acordo com a oferta do col\u00e9gio nos quatro cursos do ensino secund\u00e1rio. \u00c0 entrada do d\u00e9cimo primeiro ano, o aluno poder\u00e1 alterar a sua escolha de acordo com as suas prefer\u00eancias ou de acordo com os planos que possui para acesso ao ensino superior. As novas disciplinas bienais ser\u00e3o agora realizadas no d\u00e9cimo primeiro e d\u00e9cimo segundo anos.<\/p>\n\n\n\n<p>De acordo com a matriz curricular do ensino secund\u00e1rio, o d\u00e9cimo segundo ano \u00e9 composto, na forma\u00e7\u00e3o espec\u00edfica, por duas disciplinas anuais. Caso tenha existido altera\u00e7\u00e3o de percurso no d\u00e9cimo primeiro ano, as disciplinas realizadas no primeiro ano do ensino secund\u00e1rio s\u00e3o consideradas as anuais que a referida matriz refere.<\/p>\n\n\n\n<p>Esta nova organiza\u00e7\u00e3o permite ao aluno obter conhecimentos em diferentes \u00e1reas, prepara-se para acesso ao ensino superior de acordo com os seus interesses e aptid\u00f5es e continuar a poder concluir o ensino secund\u00e1rio em tr\u00eas anos caso pretende realizar altera\u00e7\u00f5es ao seu percurso.<\/p>\n\n\n\n<p>\u00c9 com este esp\u00edrito que surge o lema para o nosso Open Day 2026: \u201cCada aluno, um percurso\u201d, um conceito que ganha express\u00e3o concreta neste PPIP. Ao promover uma aprendizagem mais flex\u00edvel, personalizada e centrada no aluno, o col\u00e9gio permite que cada estudante construa o seu pr\u00f3prio caminho, de acordo com os seus interesses, ritmos e objetivos.<\/p>\n\n\n\n<p>Atrav\u00e9s do desenvolvimento de compet\u00eancias em contexto de projeto e de uma avalia\u00e7\u00e3o cont\u00ednua e diversificada, cada aluno e aluna \u00e9 acompanhado(a) de forma pr\u00f3xima e individualizada. Desta forma, o lema deixa de ser apenas uma inten\u00e7\u00e3o e torna-se uma pr\u00e1tica di\u00e1ria, preparando cada estudante de forma mais completa e consciente para os desafios do futuro.<\/p>\n\n\n\n<p><\/p>","protected":false},"excerpt":{"rendered":"<p>No passado m\u00eas de setembro de 2025 foi exarado por despacho de homologa\u00e7\u00e3o por suas excel\u00eancias o Secret\u00e1rio de Estado Adjunto e a Secret\u00e1ria de Estado da Administra\u00e7\u00e3o Escolar o Projeto-Piloto de Inova\u00e7\u00e3o Pedag\u00f3gica do Real Col\u00e9gio de Portugal. Este projeto \u00e9 uma iniciativa de Minist\u00e9rio da Educa\u00e7\u00e3o, para o ensino secund\u00e1rio, que permite ao [&hellip;]<\/p>\n","protected":false},"author":2,"featured_media":7490,"comment_status":"closed","ping_status":"closed","sticky":false,"template":"","format":"standard","meta":{"_acf_changed":false,"_et_pb_use_builder":"on","_et_pb_old_content":"","_et_gb_content_width":"","footnotes":""},"categories":[1],"tags":[30,316,340,336,339,338,337,280],"class_list":["post-7489","post","type-post","status-publish","format-standard","has-post-thumbnail","hentry","category-noticia","tag-colegio","tag-ensino-secundario","tag-open-day-rcp-2026","tag-pedagogia","tag-percurso","tag-ppip","tag-projeto-de-inovacao-pedagogica","tag-real-colegio-de-portugal"],"acf":[],"_links":{"self":[{"href":"https:\/\/realcolegio.pt\/en\/wp-json\/wp\/v2\/posts\/7489","targetHints":{"allow":["GET"]}}],"collection":[{"href":"https:\/\/realcolegio.pt\/en\/wp-json\/wp\/v2\/posts"}],"about":[{"href":"https:\/\/realcolegio.pt\/en\/wp-json\/wp\/v2\/types\/post"}],"author":[{"embeddable":true,"href":"https:\/\/realcolegio.pt\/en\/wp-json\/wp\/v2\/users\/2"}],"replies":[{"embeddable":true,"href":"https:\/\/realcolegio.pt\/en\/wp-json\/wp\/v2\/comments?post=7489"}],"version-history":[{"count":1,"href":"https:\/\/realcolegio.pt\/en\/wp-json\/wp\/v2\/posts\/7489\/revisions"}],"predecessor-version":[{"id":7492,"href":"https:\/\/realcolegio.pt\/en\/wp-json\/wp\/v2\/posts\/7489\/revisions\/7492"}],"wp:featuredmedia":[{"embeddable":true,"href":"https:\/\/realcolegio.pt\/en\/wp-json\/wp\/v2\/media\/7490"}],"wp:attachment":[{"href":"https:\/\/realcolegio.pt\/en\/wp-json\/wp\/v2\/media?parent=7489"}],"wp:term":[{"taxonomy":"category","embeddable":true,"href":"https:\/\/realcolegio.pt\/en\/wp-json\/wp\/v2\/categories?post=7489"},{"taxonomy":"post_tag","embeddable":true,"href":"https:\/\/realcolegio.pt\/en\/wp-json\/wp\/v2\/tags?post=7489"}],"curies":[{"name":"wp","href":"https:\/\/api.w.org\/{rel}","templated":true}]}}