{"id":7407,"date":"2026-03-09T15:14:16","date_gmt":"2026-03-09T15:14:16","guid":{"rendered":"https:\/\/realcolegio.pt\/?p=7407"},"modified":"2026-03-10T11:34:13","modified_gmt":"2026-03-10T11:34:13","slug":"a-atividade-fisica-como-ferramenta-de-inclusao-e-de-integracao-social","status":"publish","type":"post","link":"https:\/\/realcolegio.pt\/en\/2026\/03\/09\/a-atividade-fisica-como-ferramenta-de-inclusao-e-de-integracao-social\/","title":{"rendered":"A Atividade F\u00edsica como Ferramenta de Inclus\u00e3o e de Integra\u00e7\u00e3o Social"},"content":{"rendered":"<figure class=\"wp-block-gallery aligncenter has-nested-images columns-default is-cropped wp-block-gallery-1 is-layout-flex wp-block-gallery-is-layout-flex\">\n<figure class=\"wp-block-image size-full\" id=\"Novo-Ano-Letivo\"><img loading=\"lazy\" decoding=\"async\" width=\"1080\" height=\"1350\" data-id=\"7408\" src=\"https:\/\/realcolegio.pt\/wp-content\/uploads\/2026\/03\/Artigo-Catarina-Teles.png\" alt=\"\" class=\"wp-image-7408\" title=\"Novo Ano Letivo\" srcset=\"https:\/\/realcolegio.pt\/wp-content\/uploads\/2026\/03\/Artigo-Catarina-Teles.png 1080w, https:\/\/realcolegio.pt\/wp-content\/uploads\/2026\/03\/Artigo-Catarina-Teles-980x1225.png 980w, https:\/\/realcolegio.pt\/wp-content\/uploads\/2026\/03\/Artigo-Catarina-Teles-480x600.png 480w\" sizes=\"auto, (min-width: 0px) and (max-width: 480px) 480px, (min-width: 481px) and (max-width: 980px) 980px, (min-width: 981px) 1080px, 100vw\" \/><figcaption class=\"wp-element-caption\">Artigo Dra. Catarina Teles<\/figcaption><\/figure>\n<\/figure>\n\n\n\n<p><\/p>\n\n\n\n<p><\/p>\n\n\n\n<p><\/p>\n\n\n\n<p>A escola contempor\u00e2nea \u00e9 reconhecida como um espa\u00e7o privilegiado de socializa\u00e7\u00e3o, onde a Educa\u00e7\u00e3o F\u00edsica (EF) assume um papel estrat\u00e9gico na promo\u00e7\u00e3o da equidade e no desenvolvimento integral do aluno.<\/p>\n\n\n\n<p>&nbsp;Enquanto disciplina pr\u00e1tica e social, a EF transcende a mera transmiss\u00e3o de saberes t\u00e9cnicos, funcionando como um laborat\u00f3rio de conviv\u00eancia onde as diferen\u00e7as individuais deixam de ser barreiras para se tornarem oportunidades de aprendizagem m\u00fatua e reconhecimento da diversidade.<\/p>\n\n\n\n<p>O impacto da pr\u00e1tica f\u00edsica no processo de inclus\u00e3o inicia-se pela valoriza\u00e7\u00e3o das potencialidades de cada aluno, independentemente das suas caracter\u00edsticas f\u00edsicas ou cognitivas. Desde a primeira inf\u00e2ncia at\u00e9 ao ensino secund\u00e1rio, o movimento atua como uma linguagem universal que facilita a explora\u00e7\u00e3o do mundo e a supera\u00e7\u00e3o de desafios pessoais. Atrav\u00e9s da adapta\u00e7\u00e3o de jogos e exerc\u00edcios, a disciplina permite que alunos com diferentes ritmos de desenvolvimento participem de forma ativa e significativa, o que \u00e9 fundamental para o desenvolvimento da autonomia, da confian\u00e7a e do bem-estar psicol\u00f3gico.<\/p>\n\n\n\n<p>Al\u00e9m do combate ao sedentarismo e do treino da condi\u00e7\u00e3o f\u00edsica, a EF oferece benef\u00edcios psicol\u00f3gicos robustos, auxiliando no controlo da ansiedade e no fortalecimento da autoestima. A integra\u00e7\u00e3o social \u00e9 catalisada pelo contexto das aulas, que favorece din\u00e2micas de equipa assentes na comunica\u00e7\u00e3o eficaz e no respeito interpessoal.<\/p>\n\n\n\n<p>&nbsp;A introdu\u00e7\u00e3o de conceitos como o fair play (jogo limpo), a empatia e a solidariedade, em detrimento da competi\u00e7\u00e3o exacerbada, permitem que os educandos desenvolvam compet\u00eancias sociais essenciais para a vida em sociedade.<\/p>\n\n\n\n<p>Atrav\u00e9s da pr\u00e1tica desportiva coletiva, constr\u00f3i-se uma rede de apoio que ajuda a combater sentimentos de solid\u00e3o e isolamento, promovendo o sentimento de perten\u00e7a a uma comunidade escolar coesa.<\/p>\n\n\n\n<p>Em conclus\u00e3o, a atividade f\u00edsica deve ser compreendida como uma ferramenta poderosa de transforma\u00e7\u00e3o e inclus\u00e3o. Quando orientada por uma intencionalidade educativa que valoriza o ser humano na sua totalidade, a Educa\u00e7\u00e3o F\u00edsica deixa de ser apenas um momento de lazer para se tornar o alicerce de uma comunidade escolar mais justa, emp\u00e1tica e humana \u2014 um espa\u00e7o onde cada aluno encontra o seu lugar e percebe que o seu contributo \u00e9 vital para o grupo.<\/p>","protected":false},"excerpt":{"rendered":"<p>A escola contempor\u00e2nea \u00e9 reconhecida como um espa\u00e7o privilegiado de socializa\u00e7\u00e3o, onde a Educa\u00e7\u00e3o F\u00edsica (EF) assume um papel estrat\u00e9gico na promo\u00e7\u00e3o da equidade e no desenvolvimento integral do aluno. &nbsp;Enquanto disciplina pr\u00e1tica e social, a EF transcende a mera transmiss\u00e3o de saberes t\u00e9cnicos, funcionando como um laborat\u00f3rio de conviv\u00eancia onde as diferen\u00e7as individuais deixam [&hellip;]<\/p>\n","protected":false},"author":2,"featured_media":7408,"comment_status":"closed","ping_status":"closed","sticky":false,"template":"","format":"standard","meta":{"_acf_changed":false,"_et_pb_use_builder":"on","_et_pb_old_content":"","_et_gb_content_width":"","footnotes":""},"categories":[1],"tags":[334,333,67,306,331,280,335],"class_list":["post-7407","post","type-post","status-publish","format-standard","has-post-thumbnail","hentry","category-noticia","tag-atividade-fisica","tag-educacao-fisica","tag-ensino","tag-inclusao-2","tag-integracao","tag-real-colegio-de-portugal","tag-socializacao"],"acf":[],"_links":{"self":[{"href":"https:\/\/realcolegio.pt\/en\/wp-json\/wp\/v2\/posts\/7407","targetHints":{"allow":["GET"]}}],"collection":[{"href":"https:\/\/realcolegio.pt\/en\/wp-json\/wp\/v2\/posts"}],"about":[{"href":"https:\/\/realcolegio.pt\/en\/wp-json\/wp\/v2\/types\/post"}],"author":[{"embeddable":true,"href":"https:\/\/realcolegio.pt\/en\/wp-json\/wp\/v2\/users\/2"}],"replies":[{"embeddable":true,"href":"https:\/\/realcolegio.pt\/en\/wp-json\/wp\/v2\/comments?post=7407"}],"version-history":[{"count":1,"href":"https:\/\/realcolegio.pt\/en\/wp-json\/wp\/v2\/posts\/7407\/revisions"}],"predecessor-version":[{"id":7409,"href":"https:\/\/realcolegio.pt\/en\/wp-json\/wp\/v2\/posts\/7407\/revisions\/7409"}],"wp:featuredmedia":[{"embeddable":true,"href":"https:\/\/realcolegio.pt\/en\/wp-json\/wp\/v2\/media\/7408"}],"wp:attachment":[{"href":"https:\/\/realcolegio.pt\/en\/wp-json\/wp\/v2\/media?parent=7407"}],"wp:term":[{"taxonomy":"category","embeddable":true,"href":"https:\/\/realcolegio.pt\/en\/wp-json\/wp\/v2\/categories?post=7407"},{"taxonomy":"post_tag","embeddable":true,"href":"https:\/\/realcolegio.pt\/en\/wp-json\/wp\/v2\/tags?post=7407"}],"curies":[{"name":"wp","href":"https:\/\/api.w.org\/{rel}","templated":true}]}}