{"id":6991,"date":"2025-12-19T13:00:43","date_gmt":"2025-12-19T13:00:43","guid":{"rendered":"https:\/\/www.realcolegio.pt\/?p=6991"},"modified":"2025-12-19T13:00:45","modified_gmt":"2025-12-19T13:00:45","slug":"reais-ferias-fomos-patinar-no-gelo","status":"publish","type":"post","link":"https:\/\/realcolegio.pt\/en\/2025\/12\/19\/reais-ferias-fomos-patinar-no-gelo\/","title":{"rendered":"Reais F\u00e9rias: Fomos patinar no gelo!"},"content":{"rendered":"<figure class=\"wp-block-gallery aligncenter has-nested-images columns-default is-cropped wp-block-gallery-1 is-layout-flex wp-block-gallery-is-layout-flex\">\n<figure class=\"wp-block-image size-full\" id=\"Novo-Ano-Letivo\"><img loading=\"lazy\" decoding=\"async\" width=\"940\" height=\"788\" data-id=\"6993\" src=\"https:\/\/realcolegio.pt\/wp-content\/uploads\/2025\/12\/Formato-Formal-Imagens-12.png\" alt=\"\" class=\"wp-image-6993\" title=\"Novo Ano Letivo\" srcset=\"https:\/\/realcolegio.pt\/wp-content\/uploads\/2025\/12\/Formato-Formal-Imagens-12.png 940w, https:\/\/realcolegio.pt\/wp-content\/uploads\/2025\/12\/Formato-Formal-Imagens-12-480x402.png 480w\" sizes=\"auto, (min-width: 0px) and (max-width: 480px) 480px, (min-width: 481px) 940px, 100vw\" \/><figcaption class=\"wp-element-caption\">O RCP foi patinar no gelo ao UBBO<\/figcaption><\/figure>\n<\/figure>\n\n\n\n<p><\/p>\n\n\n\n<p><\/p>\n\n\n\n<p>Esta semana realiz\u00e1mos com grande entusiasmo o primeiro passeio das <strong>Reais F\u00e9rias de Natal 2025<\/strong>, um momento muito aguardado por todos os participantes.<\/p>\n\n\n\n<p>Os alunos e alunas do <strong>1.\u00ba ao 3.\u00ba Ciclo<\/strong> que integram as Reais F\u00e9rias deste ano, tiveram a oportunidade de viver uma experi\u00eancia diferente e divertida num passeio \u00e0 <strong>Pista de Patinagem no Gelo do UBBO<\/strong>.<\/p>\n\n\n\n<p>Entre sorrisos, gargalhadas e muitos desafios sobre o gelo, as crian\u00e7as desfrutaram de uma atividade l\u00fadica que promoveu o conv\u00edvio, o esp\u00edrito de grupo e a pr\u00e1tica de atividade f\u00edsica, sempre acompanhadas pela equipa educativa. Este foi, sem d\u00favida, um in\u00edcio especial e memor\u00e1vel das Reais F\u00e9rias de Natal 2025, marcado por momentos de alegria e partilha.<\/p>\n\n\n\n<p>Veja mais imagens desta visitas nas nossas redes sociais!<\/p>\n\n\n\n<p><\/p>\n\n\n\n<p><\/p>\n\n\n\n<p><\/p>","protected":false},"excerpt":{"rendered":"<p>Esta semana realiz\u00e1mos com grande entusiasmo o primeiro passeio das Reais F\u00e9rias de Natal 2025, um momento muito aguardado por todos os participantes. Os alunos e alunas do 1.\u00ba ao 3.\u00ba Ciclo que integram as Reais F\u00e9rias deste ano, tiveram a oportunidade de viver uma experi\u00eancia diferente e divertida num passeio \u00e0 Pista de Patinagem [&hellip;]<\/p>\n","protected":false},"author":2,"featured_media":6993,"comment_status":"closed","ping_status":"closed","sticky":false,"template":"","format":"standard","meta":{"_acf_changed":false,"_et_pb_use_builder":"on","_et_pb_old_content":"","_et_gb_content_width":"","footnotes":""},"categories":[1],"tags":[265,28,30,66,67,259,266,268,270,267,269],"class_list":["post-6991","post","type-post","status-publish","format-standard","has-post-thumbnail","hentry","category-noticia","tag-alunas","tag-alunos","tag-colegio","tag-educacao","tag-ensino","tag-natal-2025","tag-passeio","tag-patinagem-no-gelo","tag-pista-de-gelo-ubbo","tag-reais-ferias-de-natal-2025","tag-ubbo"],"acf":[],"_links":{"self":[{"href":"https:\/\/realcolegio.pt\/en\/wp-json\/wp\/v2\/posts\/6991","targetHints":{"allow":["GET"]}}],"collection":[{"href":"https:\/\/realcolegio.pt\/en\/wp-json\/wp\/v2\/posts"}],"about":[{"href":"https:\/\/realcolegio.pt\/en\/wp-json\/wp\/v2\/types\/post"}],"author":[{"embeddable":true,"href":"https:\/\/realcolegio.pt\/en\/wp-json\/wp\/v2\/users\/2"}],"replies":[{"embeddable":true,"href":"https:\/\/realcolegio.pt\/en\/wp-json\/wp\/v2\/comments?post=6991"}],"version-history":[{"count":1,"href":"https:\/\/realcolegio.pt\/en\/wp-json\/wp\/v2\/posts\/6991\/revisions"}],"predecessor-version":[{"id":6994,"href":"https:\/\/realcolegio.pt\/en\/wp-json\/wp\/v2\/posts\/6991\/revisions\/6994"}],"wp:featuredmedia":[{"embeddable":true,"href":"https:\/\/realcolegio.pt\/en\/wp-json\/wp\/v2\/media\/6993"}],"wp:attachment":[{"href":"https:\/\/realcolegio.pt\/en\/wp-json\/wp\/v2\/media?parent=6991"}],"wp:term":[{"taxonomy":"category","embeddable":true,"href":"https:\/\/realcolegio.pt\/en\/wp-json\/wp\/v2\/categories?post=6991"},{"taxonomy":"post_tag","embeddable":true,"href":"https:\/\/realcolegio.pt\/en\/wp-json\/wp\/v2\/tags?post=6991"}],"curies":[{"name":"wp","href":"https:\/\/api.w.org\/{rel}","templated":true}]}}