{"id":6517,"date":"2025-10-07T12:34:42","date_gmt":"2025-10-07T11:34:42","guid":{"rendered":"https:\/\/www.realcolegio.pt\/?p=6517"},"modified":"2025-10-07T12:34:44","modified_gmt":"2025-10-07T11:34:44","slug":"foi-aprovado-o-projeto-piloto-do-real-colegio-de-portugal","status":"publish","type":"post","link":"https:\/\/realcolegio.pt\/en\/2025\/10\/07\/foi-aprovado-o-projeto-piloto-do-real-colegio-de-portugal\/","title":{"rendered":"Foi Aprovado o Projeto-Piloto do Real Col\u00e9gio de Portugal"},"content":{"rendered":"<figure class=\"wp-block-gallery aligncenter has-nested-images columns-default is-cropped wp-block-gallery-1 is-layout-flex wp-block-gallery-is-layout-flex\">\n<figure class=\"wp-block-image size-full\" id=\"Novo-Ano-Letivo\"><img loading=\"lazy\" decoding=\"async\" width=\"940\" height=\"788\" data-id=\"6521\" src=\"https:\/\/realcolegio.pt\/wp-content\/uploads\/2025\/10\/Projeto-Piloto-de-Inovacao-pedagogica-1.png\" alt=\"Projeto-Piloto de Inova\u00e7\u00e3o Pedag\u00f3gica\" class=\"wp-image-6521\" title=\"Novo Ano Letivo\" srcset=\"https:\/\/realcolegio.pt\/wp-content\/uploads\/2025\/10\/Projeto-Piloto-de-Inovacao-pedagogica-1.png 940w, https:\/\/realcolegio.pt\/wp-content\/uploads\/2025\/10\/Projeto-Piloto-de-Inovacao-pedagogica-1-480x402.png 480w\" sizes=\"auto, (min-width: 0px) and (max-width: 480px) 480px, (min-width: 481px) 940px, 100vw\" \/><figcaption class=\"wp-element-caption\">Projeto-Piloto de Inova\u00e7\u00e3o Pedag\u00f3gica<\/figcaption><\/figure>\n<\/figure>\n\n\n\n<p><\/p>\n\n\n\n<p>O Real Col\u00e9gio de Portugal entra numa nova era de inova\u00e7\u00e3o educativa!&nbsp;<\/p>\n\n\n\n<p>No ano letivo de 2024\/2025, o Minist\u00e9rio da Educa\u00e7\u00e3o lan\u00e7ou o Projeto-Piloto de Inova\u00e7\u00e3o Pedag\u00f3gica, uma iniciativa que d\u00e1 \u00e0s escolas maior autonomia para criar projetos de ensino adaptados \u00e0s necessidades dos alunos e aos recursos da comunidade educativa.<\/p>\n\n\n\n<p>No dia 15 de julho, apresent\u00e1mos a nossa candidatura e, a 1 de outubro, recebemos com orgulho a not\u00edcia da homologa\u00e7\u00e3o oficial do nosso Projeto-Piloto por despacho das Suas Excel\u00eancias, o Senhor Secret\u00e1rio de Estado Adjunto e da Educa\u00e7\u00e3o e a Senhora Secret\u00e1ria de Estado da Administra\u00e7\u00e3o Escolar. Pode consultar este documento <a href=\"https:\/\/realcolegio.pt\/wp-content\/uploads\/2025\/10\/DGE-DSDC-Real-Colegio-de-Portugal.pdf\" data-type=\"URL\" data-id=\"https:\/\/realcolegio.pt\/wp-content\/uploads\/2025\/10\/DGE-DSDC-Real-Colegio-de-Portugal.pdf\">AQUI<\/a>.<\/p>\n\n\n\n<p>Com este projeto, pretende-se construir uma escola mais inclusiva, flex\u00edvel e inovadora, capaz de responder aos desafios do mundo atual, valorizando a identidade do ensino secund\u00e1rio e promovendo novas formas de aprender e ensinar, num projeto que tem a ver com a g\u00e9nese do nosso Projeto Educativo.&nbsp;<\/p>\n\n\n\n<p>Assim sendo, conhe\u00e7a agora o <a href=\"https:\/\/realcolegio.pt\/wp-content\/uploads\/2025\/10\/Texto-Oficial-PPIP.pdf\" data-type=\"URL\" data-id=\"https:\/\/realcolegio.pt\/wp-content\/uploads\/2025\/10\/Texto-Oficial-PPIP.pdf\">Projeto-Piloto de Inova\u00e7\u00e3o Pedag\u00f3gica do Real Col\u00e9gio de Portugal<\/a>.<\/p>\n\n\n\n<p><\/p>\n\n\n\n<p><\/p>\n\n\n\n<p><\/p>\n\n\n\n<p><\/p>","protected":false},"excerpt":{"rendered":"<p>O Real Col\u00e9gio de Portugal entra numa nova era de inova\u00e7\u00e3o educativa!&nbsp; No ano letivo de 2024\/2025, o Minist\u00e9rio da Educa\u00e7\u00e3o lan\u00e7ou o Projeto-Piloto de Inova\u00e7\u00e3o Pedag\u00f3gica, uma iniciativa que d\u00e1 \u00e0s escolas maior autonomia para criar projetos de ensino adaptados \u00e0s necessidades dos alunos e aos recursos da comunidade educativa. No dia 15 de [&hellip;]<\/p>\n","protected":false},"author":2,"featured_media":6521,"comment_status":"closed","ping_status":"closed","sticky":false,"template":"","format":"standard","meta":{"_acf_changed":false,"_et_pb_use_builder":"on","_et_pb_old_content":"","_et_gb_content_width":"","footnotes":""},"categories":[1],"tags":[28,237,30,66,236,67,235,238],"class_list":["post-6517","post","type-post","status-publish","format-standard","has-post-thumbnail","hentry","category-noticia","tag-alunos","tag-colaboracao","tag-colegio","tag-educacao","tag-encarregados","tag-ensino","tag-pais","tag-professores"],"acf":[],"_links":{"self":[{"href":"https:\/\/realcolegio.pt\/en\/wp-json\/wp\/v2\/posts\/6517","targetHints":{"allow":["GET"]}}],"collection":[{"href":"https:\/\/realcolegio.pt\/en\/wp-json\/wp\/v2\/posts"}],"about":[{"href":"https:\/\/realcolegio.pt\/en\/wp-json\/wp\/v2\/types\/post"}],"author":[{"embeddable":true,"href":"https:\/\/realcolegio.pt\/en\/wp-json\/wp\/v2\/users\/2"}],"replies":[{"embeddable":true,"href":"https:\/\/realcolegio.pt\/en\/wp-json\/wp\/v2\/comments?post=6517"}],"version-history":[{"count":3,"href":"https:\/\/realcolegio.pt\/en\/wp-json\/wp\/v2\/posts\/6517\/revisions"}],"predecessor-version":[{"id":6523,"href":"https:\/\/realcolegio.pt\/en\/wp-json\/wp\/v2\/posts\/6517\/revisions\/6523"}],"wp:featuredmedia":[{"embeddable":true,"href":"https:\/\/realcolegio.pt\/en\/wp-json\/wp\/v2\/media\/6521"}],"wp:attachment":[{"href":"https:\/\/realcolegio.pt\/en\/wp-json\/wp\/v2\/media?parent=6517"}],"wp:term":[{"taxonomy":"category","embeddable":true,"href":"https:\/\/realcolegio.pt\/en\/wp-json\/wp\/v2\/categories?post=6517"},{"taxonomy":"post_tag","embeddable":true,"href":"https:\/\/realcolegio.pt\/en\/wp-json\/wp\/v2\/tags?post=6517"}],"curies":[{"name":"wp","href":"https:\/\/api.w.org\/{rel}","templated":true}]}}