{"id":6435,"date":"2025-09-22T01:07:46","date_gmt":"2025-09-22T00:07:46","guid":{"rendered":"https:\/\/www.realcolegio.pt\/?p=6435"},"modified":"2025-09-22T01:12:05","modified_gmt":"2025-09-22T00:12:05","slug":"olimpiadas-da-matematica-estamos-a-postos","status":"publish","type":"post","link":"https:\/\/realcolegio.pt\/en\/2025\/09\/22\/olimpiadas-da-matematica-estamos-a-postos\/","title":{"rendered":"Olimp\u00edadas da Matem\u00e1tica, Estamos A Postos!"},"content":{"rendered":"<figure class=\"wp-block-gallery aligncenter has-nested-images columns-default is-cropped wp-block-gallery-1 is-layout-flex wp-block-gallery-is-layout-flex\">\n<figure class=\"wp-block-image size-large\" id=\"Novo-Ano-Letivo\"><img loading=\"lazy\" decoding=\"async\" width=\"724\" height=\"1024\" data-id=\"6436\" src=\"https:\/\/realcolegio.pt\/wp-content\/uploads\/2025\/09\/Cartaz2526-724x1024.jpg\" alt=\"\" class=\"wp-image-6436\" title=\"Novo Ano Letivo\" srcset=\"https:\/\/realcolegio.pt\/wp-content\/uploads\/2025\/09\/Cartaz2526-724x1024.jpg 724w, https:\/\/realcolegio.pt\/wp-content\/uploads\/2025\/09\/Cartaz2526-212x300.jpg 212w, https:\/\/realcolegio.pt\/wp-content\/uploads\/2025\/09\/Cartaz2526-768x1086.jpg 768w, https:\/\/realcolegio.pt\/wp-content\/uploads\/2025\/09\/Cartaz2526-1086x1536.jpg 1086w, https:\/\/realcolegio.pt\/wp-content\/uploads\/2025\/09\/Cartaz2526-1448x2048.jpg 1448w, https:\/\/realcolegio.pt\/wp-content\/uploads\/2025\/09\/Cartaz2526-8x12.jpg 8w, https:\/\/realcolegio.pt\/wp-content\/uploads\/2025\/09\/Cartaz2526-1080x1527.jpg 1080w, https:\/\/realcolegio.pt\/wp-content\/uploads\/2025\/09\/Cartaz2526-1280x1810.jpg 1280w, https:\/\/realcolegio.pt\/wp-content\/uploads\/2025\/09\/Cartaz2526-980x1386.jpg 980w, https:\/\/realcolegio.pt\/wp-content\/uploads\/2025\/09\/Cartaz2526-480x679.jpg 480w, https:\/\/realcolegio.pt\/wp-content\/uploads\/2025\/09\/Cartaz2526-scaled.jpg 1810w\" sizes=\"auto, (max-width: 724px) 100vw, 724px\" \/><\/figure>\n<\/figure>\n\n\n\n<p><\/p>\n\n\n\n<p>\u00c9 com enorme orgulho que partilhamos que o Real Col\u00e9gio de Portugal est\u00e1 <strong>oficialmente inscrito nas XLIV Olimp\u00edadas Portuguesas de Matem\u00e1tica (OPM), no ano letivo 2025\/2026.<\/strong><\/p>\n\n\n\n<p>O nosso objetivo \u00e9 estimular o gosto pela Matem\u00e1tica, incentivar o pensamento cr\u00edtico, a resolu\u00e7\u00e3o de problemas e a criatividade dos nossos alunos, desafiando-os a ir al\u00e9m da sala de aula e a aplicar os seus conhecimentos de forma pr\u00e1tica e inovadora.<\/p>\n\n\n\n<p>Estamos convictos de que esta ser\u00e1 uma experi\u00eancia transformadora para os nossos estudantes, que ter\u00e3o a oportunidade de demonstrar as suas compet\u00eancias e de se inspirar para novos desafios.<\/p>\n\n\n\n<h6 class=\"wp-block-heading\">AsXLIV Olimp\u00edadas Portuguesas de Matem\u00e1tica contemplam as seguintes categorias:<\/h6>\n\n\n\n<ul class=\"wp-block-list\">\n<li>Mini-Olimp\u00edadas &#8211; alunos dos 3.\u00ba e 4.\u00ba anos de escolaridade<strong>;<\/strong><\/li>\n\n\n\n<li>Pr\u00e9-Olimp\u00edadas &#8211; alunos do 5.\u00ba ano de escolaridade;<\/li>\n\n\n\n<li>Categoria J\u00fanior &#8211; alunos dos 6.\u00ba e 7.\u00ba anos de escolaridade;<\/li>\n\n\n\n<li>Categoria A &#8211; alunos dos 8.\u00ba e 9.\u00ba anos de escolaridade;\u00a0<\/li>\n\n\n\n<li>Categoria B &#8211; alunos dos 10.\u00ba, 11.\u00ba e 12.\u00ba anos de escolaridade.<\/li>\n<\/ul>\n\n\n\n<h6 class=\"wp-block-heading\"><strong>As Mini-Olimp\u00edadas\u00a0(3.\u00ba e 4.\u00ba anos) ter\u00e3o uma prova \u00fanica, que decorrer\u00e1 durante o m\u00eas de janeiro de 2026. As Pr\u00e9-Olimp\u00edadas (5.\u00ba ano) constam de uma prova \u00fanica, a realizar simultaneamente com a 1.\u00aa eliminat\u00f3ria das outras categorias, no dia 5 de novembro de 2025. Nas Categorias J\u00fanior (6.\u00ba e 7.\u00ba anos), A (8,\u00ba e 9.\u00ba anos) e B (10.\u00ba, 11.\u00ba e 12.\u00ba anos) haver\u00e1 duas eliminat\u00f3rias e uma Final Nacional.<\/strong><\/h6>\n\n\n\n<p>No Real Col\u00e9gio de Portugal, acreditamos que aprender \u00e9 tamb\u00e9m superar obst\u00e1culos e conquistar metas.<\/p>\n\n\n\n<p>Desejem sorte aos nossos alunos nesta aventura matem\u00e1tica!<\/p>\n\n\n\n<p><\/p>\n\n\n\n<p><\/p>","protected":false},"excerpt":{"rendered":"<p>\u00c9 com enorme entusiasmo que damos as boas-vindas a mais um ano letivo no Real Col\u00e9gio de Portugal. Um novo come\u00e7o representa sempre uma oportunidade renovada para aprender, crescer e construir mem\u00f3rias que ficar\u00e3o para a vida.<\/p>\n<p>O nosso compromisso mant\u00e9m-se inalter\u00e1vel: proporcionar uma educa\u00e7\u00e3o de excel\u00eancia, baseada nos valores que nos definem e que nos tornam uma refer\u00eancia no panorama educativo. Queremos que cada aluno descubra o seu potencial, desenvolva as suas compet\u00eancias e se prepare para os desafios de um mundo em constante transforma\u00e7\u00e3o.<\/p>","protected":false},"author":2,"featured_media":6436,"comment_status":"closed","ping_status":"closed","sticky":false,"template":"","format":"standard","meta":{"_acf_changed":false,"_et_pb_use_builder":"on","_et_pb_old_content":"","_et_gb_content_width":"","footnotes":""},"categories":[1],"tags":[184,66,67,223,222],"class_list":["post-6435","post","type-post","status-publish","format-standard","has-post-thumbnail","hentry","category-noticia","tag-concurso","tag-educacao","tag-ensino","tag-nacional","tag-olimpiadas-da-matematica"],"acf":[],"_links":{"self":[{"href":"https:\/\/realcolegio.pt\/en\/wp-json\/wp\/v2\/posts\/6435","targetHints":{"allow":["GET"]}}],"collection":[{"href":"https:\/\/realcolegio.pt\/en\/wp-json\/wp\/v2\/posts"}],"about":[{"href":"https:\/\/realcolegio.pt\/en\/wp-json\/wp\/v2\/types\/post"}],"author":[{"embeddable":true,"href":"https:\/\/realcolegio.pt\/en\/wp-json\/wp\/v2\/users\/2"}],"replies":[{"embeddable":true,"href":"https:\/\/realcolegio.pt\/en\/wp-json\/wp\/v2\/comments?post=6435"}],"version-history":[{"count":5,"href":"https:\/\/realcolegio.pt\/en\/wp-json\/wp\/v2\/posts\/6435\/revisions"}],"predecessor-version":[{"id":6441,"href":"https:\/\/realcolegio.pt\/en\/wp-json\/wp\/v2\/posts\/6435\/revisions\/6441"}],"wp:featuredmedia":[{"embeddable":true,"href":"https:\/\/realcolegio.pt\/en\/wp-json\/wp\/v2\/media\/6436"}],"wp:attachment":[{"href":"https:\/\/realcolegio.pt\/en\/wp-json\/wp\/v2\/media?parent=6435"}],"wp:term":[{"taxonomy":"category","embeddable":true,"href":"https:\/\/realcolegio.pt\/en\/wp-json\/wp\/v2\/categories?post=6435"},{"taxonomy":"post_tag","embeddable":true,"href":"https:\/\/realcolegio.pt\/en\/wp-json\/wp\/v2\/tags?post=6435"}],"curies":[{"name":"wp","href":"https:\/\/api.w.org\/{rel}","templated":true}]}}