{"id":6231,"date":"2025-07-18T17:54:35","date_gmt":"2025-07-18T16:54:35","guid":{"rendered":"https:\/\/www.realcolegio.pt\/?p=6231"},"modified":"2025-07-18T17:57:58","modified_gmt":"2025-07-18T16:57:58","slug":"listas-do-materiais-escolares-ano-letivo-2025-2026-2","status":"publish","type":"post","link":"https:\/\/realcolegio.pt\/en\/2025\/07\/18\/listas-do-materiais-escolares-ano-letivo-2025-2026-2\/","title":{"rendered":"Real Col\u00e9gio de Portugal no Programa Erasmus+: Uma Janela Aberta"},"content":{"rendered":"<figure class=\"wp-block-image size-large\"><img loading=\"lazy\" decoding=\"async\" width=\"1024\" height=\"577\" src=\"https:\/\/realcolegio.pt\/wp-content\/uploads\/2025\/07\/imagem_erasmus-1024x577.png\" alt=\"\" class=\"wp-image-6232\" srcset=\"https:\/\/realcolegio.pt\/wp-content\/uploads\/2025\/07\/imagem_erasmus-980x552.png 980w, https:\/\/realcolegio.pt\/wp-content\/uploads\/2025\/07\/imagem_erasmus-480x270.png 480w\" sizes=\"auto, (min-width: 0px) and (max-width: 480px) 480px, (min-width: 481px) and (max-width: 980px) 980px, (min-width: 981px) 1024px, 100vw\" \/><\/figure>\n\n\n\n<p>No Real Col\u00e9gio de Portugal, acreditamos que aprender \u00e9 tamb\u00e9m explorar o mundo, conhecer novas culturas e crescer atrav\u00e9s de experi\u00eancias reais. Por isso, temos orgulho em fazer parte do Programa Erasmus+, uma iniciativa europeia que promove a mobilidade e o interc\u00e2mbio educativo entre escolas de toda a Europa, e cada vez mais, do mundo.<\/p>\n\n\n\n<p>Mais do que uma simples viagem para um novo pa\u00eds, o Programa Erasmus+ \u00e9 uma experi\u00eancia profundamente transformadora, que contribui para o desenvolvimento pessoal e profissional dos participantes enquanto cidad\u00e3os.<br>Participar neste programa \u00e9 mergulhar em novas realidades, desenvolver o pensamento cr\u00edtico, comunicar noutras l\u00ednguas e ganhar autonomia, adquirindo aprendizagens que marcam para a vida e que ultrapassam largamente os limites da sala de aula.<\/p>\n\n\n\n<p>Para os nossos alunos, o Erasmus+ representa uma oportunidade \u00fanica de explorar novos m\u00e9todos de ensino, desenvolver compet\u00eancias sociais, lingu\u00edsticas e interculturais, criar la\u00e7os com colegas de diferentes culturas e, acima de tudo, viver uma experi\u00eancia inesquec\u00edvel que marcar\u00e1 o seu percurso acad\u00e9mico e pessoal.<\/p>\n\n\n\n<p>Ao longo dos \u00faltimos anos, alunos e professores do Real Col\u00e9gio de Portugal tiveram o privil\u00e9gio de participar em diversos projetos europeus, integrando-se em comunidades escolares dentro e fora da Europa.<\/p>\n\n\n\n<p>Estes projetos permitiram um crescimento m\u00fatuo, atrav\u00e9s de atividades pr\u00e1ticas que abordaram \u00e1reas fundamentais como a sustentabilidade, a inova\u00e7\u00e3o tecnol\u00f3gica e a valoriza\u00e7\u00e3o do patrim\u00f3nio europeu.<\/p>\n\n\n\n<p>Em s\u00edntese, educar \u00e9 muito mais do que transmitir conhecimento, \u00e9 promover o autoconhecimento, o sentido cr\u00edtico e a forma\u00e7\u00e3o de valores.<\/p>\n\n\n\n<p>Atrav\u00e9s do Programa Erasmus+, o Real Col\u00e9gio de Portugal abre portas, constr\u00f3i pontes e forma cidad\u00e3os conscientes, aut\u00f3nomos e preparados para os desafios de um mundo global.<\/p>","protected":false},"excerpt":{"rendered":"<p>Neste t\u00e9rmino de ano letivo o Real Col\u00e9gio de Portugal viveu momentos verdadeiramente inesquec\u00edveis com a realiza\u00e7\u00e3o da nossa Festa de Final de Ano, uma celebra\u00e7\u00e3o que se destacou pelo ambiente vibrante, pelas emo\u00e7\u00f5es \u00e0 flor da pele e, acima de tudo, pelo tema inspirador da multiculturalidade.<\/p>\n<p>Foi um verdadeiro sucesso! As nossas alunas e alunos mostraram, em palco e fora dele, que a diversidade \u00e9 um valor que se vive diariamente na nossa comunidade educativa. Culturas, tradi\u00e7\u00f5es, l\u00ednguas e hist\u00f3rias diferentes encontraram-se num s\u00f3 lugar, num espet\u00e1culo onde o respeito, a inclus\u00e3o e a partilha estiveram em evid\u00eancia.<\/p>","protected":false},"author":2,"featured_media":6232,"comment_status":"closed","ping_status":"closed","sticky":false,"template":"","format":"standard","meta":{"_acf_changed":false,"_et_pb_use_builder":"on","_et_pb_old_content":"","_et_gb_content_width":"","footnotes":""},"categories":[11,1],"tags":[28,30,66,67,213,211],"class_list":["post-6231","post","type-post","status-publish","format-standard","has-post-thumbnail","hentry","category-newsletter","category-noticia","tag-alunos","tag-colegio","tag-educacao","tag-ensino","tag-festa","tag-festa-de-final-de-ano"],"acf":[],"_links":{"self":[{"href":"https:\/\/realcolegio.pt\/en\/wp-json\/wp\/v2\/posts\/6231","targetHints":{"allow":["GET"]}}],"collection":[{"href":"https:\/\/realcolegio.pt\/en\/wp-json\/wp\/v2\/posts"}],"about":[{"href":"https:\/\/realcolegio.pt\/en\/wp-json\/wp\/v2\/types\/post"}],"author":[{"embeddable":true,"href":"https:\/\/realcolegio.pt\/en\/wp-json\/wp\/v2\/users\/2"}],"replies":[{"embeddable":true,"href":"https:\/\/realcolegio.pt\/en\/wp-json\/wp\/v2\/comments?post=6231"}],"version-history":[{"count":3,"href":"https:\/\/realcolegio.pt\/en\/wp-json\/wp\/v2\/posts\/6231\/revisions"}],"predecessor-version":[{"id":6236,"href":"https:\/\/realcolegio.pt\/en\/wp-json\/wp\/v2\/posts\/6231\/revisions\/6236"}],"wp:featuredmedia":[{"embeddable":true,"href":"https:\/\/realcolegio.pt\/en\/wp-json\/wp\/v2\/media\/6232"}],"wp:attachment":[{"href":"https:\/\/realcolegio.pt\/en\/wp-json\/wp\/v2\/media?parent=6231"}],"wp:term":[{"taxonomy":"category","embeddable":true,"href":"https:\/\/realcolegio.pt\/en\/wp-json\/wp\/v2\/categories?post=6231"},{"taxonomy":"post_tag","embeddable":true,"href":"https:\/\/realcolegio.pt\/en\/wp-json\/wp\/v2\/tags?post=6231"}],"curies":[{"name":"wp","href":"https:\/\/api.w.org\/{rel}","templated":true}]}}