{"id":6032,"date":"2025-06-01T22:33:58","date_gmt":"2025-06-01T21:33:58","guid":{"rendered":"https:\/\/www.realcolegio.pt\/?p=6032"},"modified":"2025-06-01T22:34:01","modified_gmt":"2025-06-01T21:34:01","slug":"dia-mundial-da-crianca","status":"publish","type":"post","link":"https:\/\/realcolegio.pt\/en\/2025\/06\/01\/dia-mundial-da-crianca\/","title":{"rendered":"Dia Mundial da Crian\u00e7a"},"content":{"rendered":"<figure class=\"wp-block-gallery aligncenter has-nested-images columns-default is-cropped wp-block-gallery-1 is-layout-flex wp-block-gallery-is-layout-flex\"><div class=\"wp-block-image\">\n<figure class=\"aligncenter size-large\"><img loading=\"lazy\" decoding=\"async\" width=\"1024\" height=\"1024\" data-id=\"6023\" src=\"https:\/\/realcolegio.pt\/wp-content\/uploads\/2025\/06\/Dia-Mundial-da-Crianca-1024x1024.jpg\" alt=\"Dia Mundial da Crian\u00e7a\" class=\"wp-image-6023\" srcset=\"https:\/\/realcolegio.pt\/wp-content\/uploads\/2025\/06\/Dia-Mundial-da-Crianca-1024x1024.jpg 1024w, https:\/\/realcolegio.pt\/wp-content\/uploads\/2025\/06\/Dia-Mundial-da-Crianca-980x980.jpg 980w, https:\/\/realcolegio.pt\/wp-content\/uploads\/2025\/06\/Dia-Mundial-da-Crianca-480x480.jpg 480w\" sizes=\"auto, (min-width: 0px) and (max-width: 480px) 480px, (min-width: 481px) and (max-width: 980px) 980px, (min-width: 981px) 1024px, 100vw\" \/><figcaption class=\"wp-element-caption\">Dia Mundial da Crian\u00e7a<\/figcaption><\/figure>\n<\/div><\/figure>\n\n\n\n<p><\/p>\n\n\n\n<div class=\"wp-block-columns is-layout-flex wp-container-core-columns-is-layout-9d6595d7 wp-block-columns-is-layout-flex\">\n<div class=\"wp-block-column is-layout-flow wp-block-column-is-layout-flow\" style=\"flex-basis:100%\">\n<h2 class=\"wp-block-heading\">Aqui, Somos Felizes!<\/h2>\n<\/div>\n<\/div>\n\n\n\n<p>Na passada sexta-feira, dia 30 de maio, o Real Col\u00e9gio de Portugal assinalou o Dia Mundial da Crian\u00e7a com um conjunto de atividades especialmente concebidas para proporcionar momentos de alegria, criatividade e partilha entre os nossos alunos e alunas.<\/p>\n\n\n\n<p>A manh\u00e3 iniciou-se com uma atividade de pintura de t-shirts, que permitiu a cada crian\u00e7a explorar livremente a sua criatividade e levar consigo uma recorda\u00e7\u00e3o personalizada deste dia. Seguiu-se um piquenique no jardim do Pal\u00e1cio, num ambiente de conv\u00edvio e descontra\u00e7\u00e3o, que promoveu a intera\u00e7\u00e3o entre todos num espa\u00e7o natural e acolhedor.<\/p>\n\n\n\n<p>O dia terminou com uma atividade l\u00fadica ao ar livre, o banho de mangueira, marcada pela anima\u00e7\u00e3o e pela energia contagiante das crian\u00e7as.<\/p>\n\n\n\n<p>E assim se encerrou esta celebra\u00e7\u00e3o de forma divertida e memor\u00e1vel!<\/p>\n\n\n\n<p>O Real Col\u00e9gio de Portugal continua, assim, a valorizar e a promover experi\u00eancias educativas integradas, que aliam o bem-estar emocional ao desenvolvimento pessoal dos seus alunos e alunas.<\/p>\n\n\n\n<p>Feliz Dia Mundial da Crian\u00e7a!<\/p>\n\n\n\n<p>Aqui, Somos Felizes!<\/p>","protected":false},"excerpt":{"rendered":"<p>Aqui, Somos Felizes! Na passada sexta-feira, dia 30 de maio, o Real Col\u00e9gio de Portugal assinalou o Dia Mundial da Crian\u00e7a com um conjunto de atividades especialmente concebidas para proporcionar momentos de alegria, criatividade e partilha entre os nossos alunos e alunas. A manh\u00e3 iniciou-se com uma atividade de pintura de t-shirts, que permitiu a [&hellip;]<\/p>\n","protected":false},"author":2,"featured_media":6023,"comment_status":"closed","ping_status":"closed","sticky":false,"template":"","format":"standard","meta":{"_acf_changed":false,"_et_pb_use_builder":"on","_et_pb_old_content":"","_et_gb_content_width":"","footnotes":""},"categories":[1],"tags":[28,65,68,30,66,67,201,121],"class_list":["post-6032","post","type-post","status-publish","format-standard","has-post-thumbnail","hentry","category-noticia","tag-alunos","tag-aprendizagem","tag-aulas","tag-colegio","tag-educacao","tag-ensino","tag-greenlab","tag-juntos"],"acf":[],"_links":{"self":[{"href":"https:\/\/realcolegio.pt\/en\/wp-json\/wp\/v2\/posts\/6032","targetHints":{"allow":["GET"]}}],"collection":[{"href":"https:\/\/realcolegio.pt\/en\/wp-json\/wp\/v2\/posts"}],"about":[{"href":"https:\/\/realcolegio.pt\/en\/wp-json\/wp\/v2\/types\/post"}],"author":[{"embeddable":true,"href":"https:\/\/realcolegio.pt\/en\/wp-json\/wp\/v2\/users\/2"}],"replies":[{"embeddable":true,"href":"https:\/\/realcolegio.pt\/en\/wp-json\/wp\/v2\/comments?post=6032"}],"version-history":[{"count":1,"href":"https:\/\/realcolegio.pt\/en\/wp-json\/wp\/v2\/posts\/6032\/revisions"}],"predecessor-version":[{"id":6033,"href":"https:\/\/realcolegio.pt\/en\/wp-json\/wp\/v2\/posts\/6032\/revisions\/6033"}],"wp:featuredmedia":[{"embeddable":true,"href":"https:\/\/realcolegio.pt\/en\/wp-json\/wp\/v2\/media\/6023"}],"wp:attachment":[{"href":"https:\/\/realcolegio.pt\/en\/wp-json\/wp\/v2\/media?parent=6032"}],"wp:term":[{"taxonomy":"category","embeddable":true,"href":"https:\/\/realcolegio.pt\/en\/wp-json\/wp\/v2\/categories?post=6032"},{"taxonomy":"post_tag","embeddable":true,"href":"https:\/\/realcolegio.pt\/en\/wp-json\/wp\/v2\/tags?post=6032"}],"curies":[{"name":"wp","href":"https:\/\/api.w.org\/{rel}","templated":true}]}}