{"id":6030,"date":"2025-06-01T22:31:58","date_gmt":"2025-06-01T21:31:58","guid":{"rendered":"https:\/\/www.realcolegio.pt\/?p=6030"},"modified":"2025-06-01T22:32:01","modified_gmt":"2025-06-01T21:32:01","slug":"teatro-lanterna-magica","status":"publish","type":"post","link":"https:\/\/realcolegio.pt\/en\/2025\/06\/01\/teatro-lanterna-magica\/","title":{"rendered":"Teatro Lanterna M\u00e1gica"},"content":{"rendered":"<figure class=\"wp-block-gallery aligncenter has-nested-images columns-default is-cropped wp-block-gallery-1 is-layout-flex wp-block-gallery-is-layout-flex\"><div class=\"wp-block-image\">\n<figure class=\"aligncenter size-large\"><img loading=\"lazy\" decoding=\"async\" width=\"1024\" height=\"578\" data-id=\"6026\" src=\"https:\/\/realcolegio.pt\/wp-content\/uploads\/2025\/06\/Teatro-Lanterna-Magica-1024x578.jpg\" alt=\"Teatro Lanterna M\u00e1gica\" class=\"wp-image-6026\" srcset=\"https:\/\/realcolegio.pt\/wp-content\/uploads\/2025\/06\/Teatro-Lanterna-Magica-1024x578.jpg 1024w, https:\/\/realcolegio.pt\/wp-content\/uploads\/2025\/06\/Teatro-Lanterna-Magica-980x553.jpg 980w, https:\/\/realcolegio.pt\/wp-content\/uploads\/2025\/06\/Teatro-Lanterna-Magica-480x271.jpg 480w\" sizes=\"auto, (min-width: 0px) and (max-width: 480px) 480px, (min-width: 481px) and (max-width: 980px) 980px, (min-width: 981px) 1024px, 100vw\" \/><figcaption class=\"wp-element-caption\">Teatro Lanterna M\u00e1gica<\/figcaption><\/figure>\n<\/div><\/figure>\n\n\n\n<p><\/p>\n\n\n\n<div class=\"wp-block-columns is-layout-flex wp-container-core-columns-is-layout-9d6595d7 wp-block-columns-is-layout-flex\">\n<div class=\"wp-block-column is-layout-flow wp-block-column-is-layout-flow\" style=\"flex-basis:100%\">\n<h2 class=\"wp-block-heading\">Dia Mundial da Crian\u00e7a<\/h2>\n<\/div>\n<\/div>\n\n\n\n<p>No passado dia 31 de maio, o Real Col\u00e9gio de Portugal recebeu a Companhia de Teatro e Anima\u00e7\u00e3o Lanterna M\u00e1gica, no \u00e2mbito das celebra\u00e7\u00f5es do Dia Mundial da Crian\u00e7a.<\/p>\n\n\n\n<p>O espet\u00e1culo, intitulado &#8220;Um Sonho no Circo&#8221;, foi especialmente preparado para os alunos e alunas do Pr\u00e9-Escolar e do 1.\u00ba Ciclo do Ensino B\u00e1sico, que assistiram, durante a manh\u00e3, a uma apresenta\u00e7\u00e3o envolvente e interativa.<\/p>\n\n\n\n<p>Malabarismo, m\u00fasica e momentos de pura magia fizeram parte desta performance, que despertou o entusiasmo e a imagina\u00e7\u00e3o dos mais novos!<\/p>\n\n\n\n<p>Esta iniciativa proporcionou uma experi\u00eancia art\u00edstica \u00fanica, refor\u00e7ando a import\u00e2ncia do teatro como instrumento educativo e de express\u00e3o cultural. Foi um momento de grande alegria, vivido com muitos risos e espanto por todos os que assistiram.<\/p>\n\n\n\n<p>O Real Col\u00e9gio de Portugal reafirma, com esta atividade, o seu compromisso com experi\u00eancias pedag\u00f3gicas diversificadas, que enriquecem o quotidiano escolar e contribuem para o desenvolvimento global dos seus alunos e alunas.<\/p>\n\n\n\n<p>Aqui, Somos Felizes!<\/p>","protected":false},"excerpt":{"rendered":"<p>Dia Mundial da Crian\u00e7a No passado dia 31 de maio, o Real Col\u00e9gio de Portugal recebeu a Companhia de Teatro e Anima\u00e7\u00e3o Lanterna M\u00e1gica, no \u00e2mbito das celebra\u00e7\u00f5es do Dia Mundial da Crian\u00e7a. O espet\u00e1culo, intitulado &#8220;Um Sonho no Circo&#8221;, foi especialmente preparado para os alunos e alunas do Pr\u00e9-Escolar e do 1.\u00ba Ciclo do [&hellip;]<\/p>\n","protected":false},"author":2,"featured_media":6026,"comment_status":"closed","ping_status":"closed","sticky":false,"template":"","format":"standard","meta":{"_acf_changed":false,"_et_pb_use_builder":"on","_et_pb_old_content":"","_et_gb_content_width":"","footnotes":""},"categories":[1],"tags":[28,65,68,30,66,67,201,121],"class_list":["post-6030","post","type-post","status-publish","format-standard","has-post-thumbnail","hentry","category-noticia","tag-alunos","tag-aprendizagem","tag-aulas","tag-colegio","tag-educacao","tag-ensino","tag-greenlab","tag-juntos"],"acf":[],"_links":{"self":[{"href":"https:\/\/realcolegio.pt\/en\/wp-json\/wp\/v2\/posts\/6030","targetHints":{"allow":["GET"]}}],"collection":[{"href":"https:\/\/realcolegio.pt\/en\/wp-json\/wp\/v2\/posts"}],"about":[{"href":"https:\/\/realcolegio.pt\/en\/wp-json\/wp\/v2\/types\/post"}],"author":[{"embeddable":true,"href":"https:\/\/realcolegio.pt\/en\/wp-json\/wp\/v2\/users\/2"}],"replies":[{"embeddable":true,"href":"https:\/\/realcolegio.pt\/en\/wp-json\/wp\/v2\/comments?post=6030"}],"version-history":[{"count":1,"href":"https:\/\/realcolegio.pt\/en\/wp-json\/wp\/v2\/posts\/6030\/revisions"}],"predecessor-version":[{"id":6031,"href":"https:\/\/realcolegio.pt\/en\/wp-json\/wp\/v2\/posts\/6030\/revisions\/6031"}],"wp:featuredmedia":[{"embeddable":true,"href":"https:\/\/realcolegio.pt\/en\/wp-json\/wp\/v2\/media\/6026"}],"wp:attachment":[{"href":"https:\/\/realcolegio.pt\/en\/wp-json\/wp\/v2\/media?parent=6030"}],"wp:term":[{"taxonomy":"category","embeddable":true,"href":"https:\/\/realcolegio.pt\/en\/wp-json\/wp\/v2\/categories?post=6030"},{"taxonomy":"post_tag","embeddable":true,"href":"https:\/\/realcolegio.pt\/en\/wp-json\/wp\/v2\/tags?post=6030"}],"curies":[{"name":"wp","href":"https:\/\/api.w.org\/{rel}","templated":true}]}}