{"id":5982,"date":"2025-05-22T13:56:54","date_gmt":"2025-05-22T12:56:54","guid":{"rendered":"https:\/\/www.realcolegio.pt\/?p=5982"},"modified":"2025-05-22T14:00:09","modified_gmt":"2025-05-22T13:00:09","slug":"novos-espacos-de-atividades","status":"publish","type":"post","link":"https:\/\/realcolegio.pt\/en\/2025\/05\/22\/novos-espacos-de-atividades\/","title":{"rendered":"Novos Espa\u00e7os de Atividades"},"content":{"rendered":"<figure class=\"wp-block-gallery aligncenter has-nested-images columns-default is-cropped wp-block-gallery-1 is-layout-flex wp-block-gallery-is-layout-flex\"><div class=\"wp-block-image\">\n<figure class=\"aligncenter size-large\"><img loading=\"lazy\" decoding=\"async\" width=\"1024\" height=\"768\" data-id=\"5983\" src=\"https:\/\/realcolegio.pt\/wp-content\/uploads\/2025\/05\/IMG_2918-1024x768.jpg\" alt=\"Novos Espa\u00e7os\" class=\"wp-image-5983\" srcset=\"https:\/\/realcolegio.pt\/wp-content\/uploads\/2025\/05\/IMG_2918-1024x768.jpg 1024w, https:\/\/realcolegio.pt\/wp-content\/uploads\/2025\/05\/IMG_2918-300x225.jpg 300w, https:\/\/realcolegio.pt\/wp-content\/uploads\/2025\/05\/IMG_2918-768x576.jpg 768w, https:\/\/realcolegio.pt\/wp-content\/uploads\/2025\/05\/IMG_2918-1536x1152.jpg 1536w, https:\/\/realcolegio.pt\/wp-content\/uploads\/2025\/05\/IMG_2918-2048x1536.jpg 2048w, https:\/\/realcolegio.pt\/wp-content\/uploads\/2025\/05\/IMG_2918-16x12.jpg 16w, https:\/\/realcolegio.pt\/wp-content\/uploads\/2025\/05\/IMG_2918-510x382.jpg 510w, https:\/\/realcolegio.pt\/wp-content\/uploads\/2025\/05\/IMG_2918-1080x810.jpg 1080w, https:\/\/realcolegio.pt\/wp-content\/uploads\/2025\/05\/IMG_2918-1280x960.jpg 1280w, https:\/\/realcolegio.pt\/wp-content\/uploads\/2025\/05\/IMG_2918-980x735.jpg 980w, https:\/\/realcolegio.pt\/wp-content\/uploads\/2025\/05\/IMG_2918-480x360.jpg 480w\" sizes=\"auto, (max-width: 1024px) 100vw, 1024px\" \/><figcaption class=\"wp-element-caption\">Novos Espa\u00e7os<\/figcaption><\/figure>\n<\/div><\/figure>\n\n\n\n<p><\/p>\n\n\n\n<div class=\"wp-block-columns is-layout-flex wp-container-core-columns-is-layout-9d6595d7 wp-block-columns-is-layout-flex\">\n<div class=\"wp-block-column is-layout-flow wp-block-column-is-layout-flow\" style=\"flex-basis:100%\">\n<h2 class=\"wp-block-heading\">No Real Col\u00e9gio de Portugal, inovamos para educar melhor todos os dias!<\/h2>\n<\/div>\n<\/div>\n\n\n\n<p>Na nossa miss\u00e3o de oferecer uma educa\u00e7\u00e3o de excel\u00eancia, acreditamos que inovar \u00e9 essencial para criar experi\u00eancias de aprendizagem mais significativas, envolventes e transformadoras. \u00c9 com enorme entusiasmo que anunciamos a cria\u00e7\u00e3o de dois novos espa\u00e7os que refletem o nosso compromisso com o desenvolvimento integral das nossas crian\u00e7as e jovens.<\/p>\n\n\n\n<p><strong>Sala da Criatividade \u2013 Pr\u00e9-Escolar<\/strong><br>Um espa\u00e7o pensado especialmente para os nossos mais pequenos, onde a imagina\u00e7\u00e3o \u00e9 o ponto de partida para descobertas incr\u00edveis. Aqui, as crian\u00e7as s\u00e3o convidadas a experimentar, criar e explorar livremente, desenvolvendo compet\u00eancias cognitivas, emocionais e sociais de forma l\u00fadica e divertida.<\/p>\n\n\n\n<p><strong>Sala de M\u00fasica<\/strong><br>Um ambiente vibrante e din\u00e2mico, preparado para dar vida aos sons, ritmos e melodias que fazem parte da linguagem universal da m\u00fasica. Neste espa\u00e7o, os alunos e alunas t\u00eam a oportunidade de expressar o seu talento, explorar diferentes instrumentos e desenvolver a sensibilidade art\u00edstica.<\/p>\n\n\n\n<p>Estes novos espa\u00e7os foram cuidadosamente projetados para inspirar, motivar e permitir que cada aluno(a) descubra novas formas de aprender e crescer.<\/p>\n\n\n\n<p><strong>Aqui, Somos Felizes!<\/strong><\/p>\n\n\n\n<figure class=\"wp-block-gallery has-nested-images columns-default is-cropped wp-block-gallery-2 is-layout-flex wp-block-gallery-is-layout-flex\">\n<figure class=\"wp-block-image size-large\"><img loading=\"lazy\" decoding=\"async\" width=\"768\" height=\"1024\" data-id=\"5986\" src=\"https:\/\/realcolegio.pt\/wp-content\/uploads\/2025\/05\/IMG_2916-768x1024.jpg\" alt=\"\" class=\"wp-image-5986\" srcset=\"https:\/\/realcolegio.pt\/wp-content\/uploads\/2025\/05\/IMG_2916-768x1024.jpg 768w, https:\/\/realcolegio.pt\/wp-content\/uploads\/2025\/05\/IMG_2916-225x300.jpg 225w, https:\/\/realcolegio.pt\/wp-content\/uploads\/2025\/05\/IMG_2916-1152x1536.jpg 1152w, https:\/\/realcolegio.pt\/wp-content\/uploads\/2025\/05\/IMG_2916-1536x2048.jpg 1536w, https:\/\/realcolegio.pt\/wp-content\/uploads\/2025\/05\/IMG_2916-9x12.jpg 9w, https:\/\/realcolegio.pt\/wp-content\/uploads\/2025\/05\/IMG_2916-1080x1440.jpg 1080w, https:\/\/realcolegio.pt\/wp-content\/uploads\/2025\/05\/IMG_2916-1280x1707.jpg 1280w, https:\/\/realcolegio.pt\/wp-content\/uploads\/2025\/05\/IMG_2916-980x1307.jpg 980w, https:\/\/realcolegio.pt\/wp-content\/uploads\/2025\/05\/IMG_2916-480x640.jpg 480w, https:\/\/realcolegio.pt\/wp-content\/uploads\/2025\/05\/IMG_2916-scaled.jpg 1920w\" sizes=\"auto, (max-width: 768px) 100vw, 768px\" \/><figcaption class=\"wp-element-caption\">Sala da Criatividade<\/figcaption><\/figure>\n\n\n\n<figure class=\"wp-block-image size-large\"><img loading=\"lazy\" decoding=\"async\" width=\"1024\" height=\"768\" data-id=\"5987\" src=\"https:\/\/realcolegio.pt\/wp-content\/uploads\/2025\/05\/IMG_2918-1-1024x768.jpg\" alt=\"\" class=\"wp-image-5987\" srcset=\"https:\/\/realcolegio.pt\/wp-content\/uploads\/2025\/05\/IMG_2918-1-1024x768.jpg 1024w, https:\/\/realcolegio.pt\/wp-content\/uploads\/2025\/05\/IMG_2918-1-300x225.jpg 300w, https:\/\/realcolegio.pt\/wp-content\/uploads\/2025\/05\/IMG_2918-1-768x576.jpg 768w, https:\/\/realcolegio.pt\/wp-content\/uploads\/2025\/05\/IMG_2918-1-1536x1152.jpg 1536w, https:\/\/realcolegio.pt\/wp-content\/uploads\/2025\/05\/IMG_2918-1-2048x1536.jpg 2048w, https:\/\/realcolegio.pt\/wp-content\/uploads\/2025\/05\/IMG_2918-1-16x12.jpg 16w, https:\/\/realcolegio.pt\/wp-content\/uploads\/2025\/05\/IMG_2918-1-510x382.jpg 510w, https:\/\/realcolegio.pt\/wp-content\/uploads\/2025\/05\/IMG_2918-1-1080x810.jpg 1080w, https:\/\/realcolegio.pt\/wp-content\/uploads\/2025\/05\/IMG_2918-1-1280x960.jpg 1280w, https:\/\/realcolegio.pt\/wp-content\/uploads\/2025\/05\/IMG_2918-1-980x735.jpg 980w, https:\/\/realcolegio.pt\/wp-content\/uploads\/2025\/05\/IMG_2918-1-480x360.jpg 480w\" sizes=\"auto, (max-width: 1024px) 100vw, 1024px\" \/><figcaption class=\"wp-element-caption\">Sala da Criatividade<\/figcaption><\/figure>\n\n\n\n<figure class=\"wp-block-image size-large\"><img loading=\"lazy\" decoding=\"async\" width=\"1024\" height=\"768\" data-id=\"5990\" src=\"https:\/\/realcolegio.pt\/wp-content\/uploads\/2025\/05\/IMG_2911-1024x768.jpg\" alt=\"\" class=\"wp-image-5990\" srcset=\"https:\/\/realcolegio.pt\/wp-content\/uploads\/2025\/05\/IMG_2911-1024x768.jpg 1024w, https:\/\/realcolegio.pt\/wp-content\/uploads\/2025\/05\/IMG_2911-300x225.jpg 300w, https:\/\/realcolegio.pt\/wp-content\/uploads\/2025\/05\/IMG_2911-768x576.jpg 768w, https:\/\/realcolegio.pt\/wp-content\/uploads\/2025\/05\/IMG_2911-1536x1152.jpg 1536w, https:\/\/realcolegio.pt\/wp-content\/uploads\/2025\/05\/IMG_2911-2048x1536.jpg 2048w, https:\/\/realcolegio.pt\/wp-content\/uploads\/2025\/05\/IMG_2911-16x12.jpg 16w, https:\/\/realcolegio.pt\/wp-content\/uploads\/2025\/05\/IMG_2911-510x382.jpg 510w, https:\/\/realcolegio.pt\/wp-content\/uploads\/2025\/05\/IMG_2911-1080x810.jpg 1080w, https:\/\/realcolegio.pt\/wp-content\/uploads\/2025\/05\/IMG_2911-1280x960.jpg 1280w, https:\/\/realcolegio.pt\/wp-content\/uploads\/2025\/05\/IMG_2911-980x735.jpg 980w, https:\/\/realcolegio.pt\/wp-content\/uploads\/2025\/05\/IMG_2911-480x360.jpg 480w\" sizes=\"auto, (max-width: 1024px) 100vw, 1024px\" \/><figcaption class=\"wp-element-caption\">Sala de M\u00fasica<\/figcaption><\/figure>\n\n\n\n<figure class=\"wp-block-image size-large\"><img loading=\"lazy\" decoding=\"async\" width=\"768\" height=\"1024\" data-id=\"5988\" src=\"https:\/\/realcolegio.pt\/wp-content\/uploads\/2025\/05\/IMG_2914-768x1024.jpg\" alt=\"\" class=\"wp-image-5988\" srcset=\"https:\/\/realcolegio.pt\/wp-content\/uploads\/2025\/05\/IMG_2914-768x1024.jpg 768w, https:\/\/realcolegio.pt\/wp-content\/uploads\/2025\/05\/IMG_2914-225x300.jpg 225w, https:\/\/realcolegio.pt\/wp-content\/uploads\/2025\/05\/IMG_2914-1152x1536.jpg 1152w, https:\/\/realcolegio.pt\/wp-content\/uploads\/2025\/05\/IMG_2914-1536x2048.jpg 1536w, https:\/\/realcolegio.pt\/wp-content\/uploads\/2025\/05\/IMG_2914-9x12.jpg 9w, https:\/\/realcolegio.pt\/wp-content\/uploads\/2025\/05\/IMG_2914-1080x1440.jpg 1080w, https:\/\/realcolegio.pt\/wp-content\/uploads\/2025\/05\/IMG_2914-1280x1707.jpg 1280w, https:\/\/realcolegio.pt\/wp-content\/uploads\/2025\/05\/IMG_2914-980x1307.jpg 980w, https:\/\/realcolegio.pt\/wp-content\/uploads\/2025\/05\/IMG_2914-480x640.jpg 480w, https:\/\/realcolegio.pt\/wp-content\/uploads\/2025\/05\/IMG_2914-scaled.jpg 1920w\" sizes=\"auto, (max-width: 768px) 100vw, 768px\" \/><figcaption class=\"wp-element-caption\">Sala de M\u00fasica<\/figcaption><\/figure>\n\n\n\n<figure class=\"wp-block-image size-large\"><img loading=\"lazy\" decoding=\"async\" width=\"768\" height=\"1024\" data-id=\"5989\" src=\"https:\/\/realcolegio.pt\/wp-content\/uploads\/2025\/05\/IMG_2917-768x1024.jpg\" alt=\"\" class=\"wp-image-5989\" srcset=\"https:\/\/realcolegio.pt\/wp-content\/uploads\/2025\/05\/IMG_2917-768x1024.jpg 768w, https:\/\/realcolegio.pt\/wp-content\/uploads\/2025\/05\/IMG_2917-225x300.jpg 225w, https:\/\/realcolegio.pt\/wp-content\/uploads\/2025\/05\/IMG_2917-1152x1536.jpg 1152w, https:\/\/realcolegio.pt\/wp-content\/uploads\/2025\/05\/IMG_2917-1536x2048.jpg 1536w, https:\/\/realcolegio.pt\/wp-content\/uploads\/2025\/05\/IMG_2917-9x12.jpg 9w, https:\/\/realcolegio.pt\/wp-content\/uploads\/2025\/05\/IMG_2917-1080x1440.jpg 1080w, https:\/\/realcolegio.pt\/wp-content\/uploads\/2025\/05\/IMG_2917-1280x1707.jpg 1280w, https:\/\/realcolegio.pt\/wp-content\/uploads\/2025\/05\/IMG_2917-980x1307.jpg 980w, https:\/\/realcolegio.pt\/wp-content\/uploads\/2025\/05\/IMG_2917-480x640.jpg 480w, https:\/\/realcolegio.pt\/wp-content\/uploads\/2025\/05\/IMG_2917-scaled.jpg 1920w\" sizes=\"auto, (max-width: 768px) 100vw, 768px\" \/><figcaption class=\"wp-element-caption\">Sala da Criatividade<\/figcaption><\/figure>\n<\/figure>","protected":false},"excerpt":{"rendered":"<p>No Real Col\u00e9gio de Portugal, inovamos para educar melhor todos os dias! Na nossa miss\u00e3o de oferecer uma educa\u00e7\u00e3o de excel\u00eancia, acreditamos que inovar \u00e9 essencial para criar experi\u00eancias de aprendizagem mais significativas, envolventes e transformadoras. \u00c9 com enorme entusiasmo que anunciamos a cria\u00e7\u00e3o de dois novos espa\u00e7os que refletem o nosso compromisso com o [&hellip;]<\/p>\n","protected":false},"author":2,"featured_media":5983,"comment_status":"closed","ping_status":"closed","sticky":false,"template":"","format":"standard","meta":{"_acf_changed":false,"_et_pb_use_builder":"on","_et_pb_old_content":"","_et_gb_content_width":"","footnotes":""},"categories":[1],"tags":[28,65,68,30,66,67,201,121],"class_list":["post-5982","post","type-post","status-publish","format-standard","has-post-thumbnail","hentry","category-noticia","tag-alunos","tag-aprendizagem","tag-aulas","tag-colegio","tag-educacao","tag-ensino","tag-greenlab","tag-juntos"],"acf":[],"_links":{"self":[{"href":"https:\/\/realcolegio.pt\/en\/wp-json\/wp\/v2\/posts\/5982","targetHints":{"allow":["GET"]}}],"collection":[{"href":"https:\/\/realcolegio.pt\/en\/wp-json\/wp\/v2\/posts"}],"about":[{"href":"https:\/\/realcolegio.pt\/en\/wp-json\/wp\/v2\/types\/post"}],"author":[{"embeddable":true,"href":"https:\/\/realcolegio.pt\/en\/wp-json\/wp\/v2\/users\/2"}],"replies":[{"embeddable":true,"href":"https:\/\/realcolegio.pt\/en\/wp-json\/wp\/v2\/comments?post=5982"}],"version-history":[{"count":2,"href":"https:\/\/realcolegio.pt\/en\/wp-json\/wp\/v2\/posts\/5982\/revisions"}],"predecessor-version":[{"id":5991,"href":"https:\/\/realcolegio.pt\/en\/wp-json\/wp\/v2\/posts\/5982\/revisions\/5991"}],"wp:featuredmedia":[{"embeddable":true,"href":"https:\/\/realcolegio.pt\/en\/wp-json\/wp\/v2\/media\/5983"}],"wp:attachment":[{"href":"https:\/\/realcolegio.pt\/en\/wp-json\/wp\/v2\/media?parent=5982"}],"wp:term":[{"taxonomy":"category","embeddable":true,"href":"https:\/\/realcolegio.pt\/en\/wp-json\/wp\/v2\/categories?post=5982"},{"taxonomy":"post_tag","embeddable":true,"href":"https:\/\/realcolegio.pt\/en\/wp-json\/wp\/v2\/tags?post=5982"}],"curies":[{"name":"wp","href":"https:\/\/api.w.org\/{rel}","templated":true}]}}