{"id":5975,"date":"2025-05-21T13:01:23","date_gmt":"2025-05-21T12:01:23","guid":{"rendered":"https:\/\/www.realcolegio.pt\/?p=5975"},"modified":"2025-05-21T13:01:26","modified_gmt":"2025-05-21T12:01:26","slug":"viagem-de-finalistas-2025","status":"publish","type":"post","link":"https:\/\/realcolegio.pt\/en\/2025\/05\/21\/viagem-de-finalistas-2025\/","title":{"rendered":"Viagem de Finalistas 2025"},"content":{"rendered":"<figure class=\"wp-block-gallery aligncenter has-nested-images columns-default is-cropped wp-block-gallery-1 is-layout-flex wp-block-gallery-is-layout-flex\"><div class=\"wp-block-image\">\n<figure class=\"aligncenter size-large\"><img loading=\"lazy\" decoding=\"async\" width=\"724\" height=\"1024\" data-id=\"5976\" src=\"https:\/\/realcolegio.pt\/wp-content\/uploads\/2025\/05\/25-26-e-27-de-junho-7-724x1024.png\" alt=\"Viagem de Finalistas 2025\" class=\"wp-image-5976\"\/><figcaption class=\"wp-element-caption\">Viagem de Finalistas 2025<\/figcaption><\/figure>\n<\/div><\/figure>\n\n\n\n<p><\/p>\n\n\n\n<div class=\"wp-block-columns is-layout-flex wp-container-core-columns-is-layout-9d6595d7 wp-block-columns-is-layout-flex\">\n<div class=\"wp-block-column is-layout-flow wp-block-column-is-layout-flow\" style=\"flex-basis:100%\">\n<h2 class=\"wp-block-heading\">Sala dos 5 Anos, 4.\u00ba Ano e 6.\u00ba Ano<\/h2>\n<\/div>\n<\/div>\n\n\n\n<p>\u00c9 com grande entusiasmo que anunciamos as <strong>Viagens de Finalistas<\/strong> das nossas turmas da <strong>Sala dos 5 Anos<\/strong>, <strong>4.\u00ba Ano<\/strong> e <strong>6.\u00ba Ano<\/strong>, que este ano ter\u00e3o como destino o <strong>Campo Aventura<\/strong>, em \u00d3bidos. Ser\u00e1 uma oportunidade \u00fanica para os nossos alunos e alunas desfrutarem da natureza, viverem novas experi\u00eancias e participarem em diversas <strong>atividades radicais<\/strong> num ambiente seguro, educativo e, acima de tudo, divertido.<\/p>\n\n\n\n<p><\/p>\n\n\n\n<p><strong>Sala dos 5 Anos<\/strong>: Viagem de 2 dias (26 e 27 de junho) | Valor: <strong>180\u20ac<\/strong><br><strong>1.\u00ba Dia<\/strong> &#8211; Slide, Canoagem, Water Space e Discoteca<\/p>\n\n\n\n<p><strong>2.\u00ba Dia<\/strong> &#8211; High-Ropes, Escalada, Puzzle XL e Wood Challenge <\/p>\n\n\n\n<p><\/p>\n\n\n\n<p><strong>4.\u00ba Ano<\/strong> e <strong>6.\u00ba Ano<\/strong>: Viagem de 3 dias (26, 27 e 28 de junho) | Valor: <strong>235\u20ac<\/strong><\/p>\n\n\n\n<p><strong>1.\u00ba Dia &#8211; <\/strong>Wood Challenge, Water Space, Old Mine e Karaoke<\/p>\n\n\n\n<p><strong>2.\u00ba Dia &#8211; <\/strong>Escalada, Puzzle XL, Discoteca, Tiro com Arco, Water Space e High Ropes com slide<\/p>\n\n\n\n<p><strong>3.\u00ba Dia &#8211;<\/strong> Canoagem, Jogos de Campo e Slide<\/p>\n\n\n\n<p><\/p>\n\n\n\n<p>Em todas as viagens, os alunos e alunas ficar\u00e3o alojados em camaratas, com refei\u00e7\u00f5es servidas em regime de buffet no restaurante do parque. <\/p>\n\n\n\n<p>O programa inclui atividades orientadas pelos monitores especializados do Campo Aventura.<\/p>\n\n\n\n<p>Estas experi\u00eancias visam <strong>promover a autonomia<\/strong>, o <strong>trabalho em equipa<\/strong>, o <strong>sentido de responsabilidade<\/strong> e o <strong>refor\u00e7o das rela\u00e7\u00f5es interpessoais<\/strong>.<\/p>\n\n\n\n<p>Ser\u00e1, certamente, um momento inesquec\u00edvel para todos!<\/p>\n\n\n\n<p><strong>Aqui, Somos Felizes!<\/strong><\/p>\n\n\n\n<figure class=\"wp-block-gallery has-nested-images columns-default is-cropped wp-block-gallery-2 is-layout-flex wp-block-gallery-is-layout-flex\">\n<figure class=\"wp-block-image size-large\"><img loading=\"lazy\" decoding=\"async\" width=\"1024\" height=\"1024\" data-id=\"5979\" src=\"https:\/\/realcolegio.pt\/wp-content\/uploads\/2025\/05\/1-1024x1024.png\" alt=\"\" class=\"wp-image-5979\" srcset=\"https:\/\/realcolegio.pt\/wp-content\/uploads\/2025\/05\/1-1024x1024.png 1024w, https:\/\/realcolegio.pt\/wp-content\/uploads\/2025\/05\/1-980x980.png 980w, https:\/\/realcolegio.pt\/wp-content\/uploads\/2025\/05\/1-480x480.png 480w\" sizes=\"auto, (min-width: 0px) and (max-width: 480px) 480px, (min-width: 481px) and (max-width: 980px) 980px, (min-width: 981px) 1024px, 100vw\" \/><\/figure>\n\n\n\n<figure class=\"wp-block-image size-large\"><img loading=\"lazy\" decoding=\"async\" width=\"1024\" height=\"1024\" data-id=\"5978\" src=\"https:\/\/realcolegio.pt\/wp-content\/uploads\/2025\/05\/2-1024x1024.png\" alt=\"\" class=\"wp-image-5978\" srcset=\"https:\/\/realcolegio.pt\/wp-content\/uploads\/2025\/05\/2-1024x1024.png 1024w, https:\/\/realcolegio.pt\/wp-content\/uploads\/2025\/05\/2-980x980.png 980w, https:\/\/realcolegio.pt\/wp-content\/uploads\/2025\/05\/2-480x480.png 480w\" sizes=\"auto, (min-width: 0px) and (max-width: 480px) 480px, (min-width: 481px) and (max-width: 980px) 980px, (min-width: 981px) 1024px, 100vw\" \/><\/figure>\n\n\n\n<figure class=\"wp-block-image size-large\"><img loading=\"lazy\" decoding=\"async\" width=\"1024\" height=\"1024\" data-id=\"5977\" src=\"https:\/\/realcolegio.pt\/wp-content\/uploads\/2025\/05\/3-1024x1024.png\" alt=\"\" class=\"wp-image-5977\" srcset=\"https:\/\/realcolegio.pt\/wp-content\/uploads\/2025\/05\/3-1024x1024.png 1024w, https:\/\/realcolegio.pt\/wp-content\/uploads\/2025\/05\/3-980x980.png 980w, https:\/\/realcolegio.pt\/wp-content\/uploads\/2025\/05\/3-480x480.png 480w\" sizes=\"auto, (min-width: 0px) and (max-width: 480px) 480px, (min-width: 481px) and (max-width: 980px) 980px, (min-width: 981px) 1024px, 100vw\" \/><\/figure>\n\n\n\n<figure class=\"wp-block-image size-large\"><img loading=\"lazy\" decoding=\"async\" width=\"1080\" height=\"1080\" data-id=\"5980\" src=\"https:\/\/realcolegio.pt\/wp-content\/uploads\/2025\/05\/4-1024x1024.png\" alt=\"\" class=\"wp-image-5980\" srcset=\"https:\/\/realcolegio.pt\/wp-content\/uploads\/2025\/05\/4-1024x1024.png 1080w, https:\/\/realcolegio.pt\/wp-content\/uploads\/2025\/05\/4-980x980.png 980w, https:\/\/realcolegio.pt\/wp-content\/uploads\/2025\/05\/4-480x480.png 480w\" sizes=\"auto, (min-width: 0px) and (max-width: 480px) 480px, (min-width: 481px) and (max-width: 980px) 980px, (min-width: 981px) 1080px, 100vw\" \/><\/figure>\n<\/figure>","protected":false},"excerpt":{"rendered":"<p>Sala dos 5 Anos, 4.\u00ba Ano e 6.\u00ba Ano \u00c9 com grande entusiasmo que anunciamos as Viagens de Finalistas das nossas turmas da Sala dos 5 Anos, 4.\u00ba Ano e 6.\u00ba Ano, que este ano ter\u00e3o como destino o Campo Aventura, em \u00d3bidos. Ser\u00e1 uma oportunidade \u00fanica para os nossos alunos e alunas desfrutarem da [&hellip;]<\/p>\n","protected":false},"author":2,"featured_media":5976,"comment_status":"closed","ping_status":"closed","sticky":false,"template":"","format":"standard","meta":{"_acf_changed":false,"_et_pb_use_builder":"on","_et_pb_old_content":"","_et_gb_content_width":"","footnotes":""},"categories":[1],"tags":[28,65,68,30,66,67,201,121],"class_list":["post-5975","post","type-post","status-publish","format-standard","has-post-thumbnail","hentry","category-noticia","tag-alunos","tag-aprendizagem","tag-aulas","tag-colegio","tag-educacao","tag-ensino","tag-greenlab","tag-juntos"],"acf":[],"_links":{"self":[{"href":"https:\/\/realcolegio.pt\/en\/wp-json\/wp\/v2\/posts\/5975","targetHints":{"allow":["GET"]}}],"collection":[{"href":"https:\/\/realcolegio.pt\/en\/wp-json\/wp\/v2\/posts"}],"about":[{"href":"https:\/\/realcolegio.pt\/en\/wp-json\/wp\/v2\/types\/post"}],"author":[{"embeddable":true,"href":"https:\/\/realcolegio.pt\/en\/wp-json\/wp\/v2\/users\/2"}],"replies":[{"embeddable":true,"href":"https:\/\/realcolegio.pt\/en\/wp-json\/wp\/v2\/comments?post=5975"}],"version-history":[{"count":1,"href":"https:\/\/realcolegio.pt\/en\/wp-json\/wp\/v2\/posts\/5975\/revisions"}],"predecessor-version":[{"id":5981,"href":"https:\/\/realcolegio.pt\/en\/wp-json\/wp\/v2\/posts\/5975\/revisions\/5981"}],"wp:featuredmedia":[{"embeddable":true,"href":"https:\/\/realcolegio.pt\/en\/wp-json\/wp\/v2\/media\/5976"}],"wp:attachment":[{"href":"https:\/\/realcolegio.pt\/en\/wp-json\/wp\/v2\/media?parent=5975"}],"wp:term":[{"taxonomy":"category","embeddable":true,"href":"https:\/\/realcolegio.pt\/en\/wp-json\/wp\/v2\/categories?post=5975"},{"taxonomy":"post_tag","embeddable":true,"href":"https:\/\/realcolegio.pt\/en\/wp-json\/wp\/v2\/tags?post=5975"}],"curies":[{"name":"wp","href":"https:\/\/api.w.org\/{rel}","templated":true}]}}