{"id":5783,"date":"2025-03-14T13:37:03","date_gmt":"2025-03-14T13:37:03","guid":{"rendered":"https:\/\/www.realcolegio.pt\/?p=5783"},"modified":"2025-03-14T13:37:05","modified_gmt":"2025-03-14T13:37:05","slug":"o-estado-das-coisas-11","status":"publish","type":"post","link":"https:\/\/realcolegio.pt\/en\/2025\/03\/14\/o-estado-das-coisas-11\/","title":{"rendered":"&#8220;O Estado das Coisas&#8221;"},"content":{"rendered":"<figure class=\"wp-block-gallery aligncenter has-nested-images columns-default is-cropped wp-block-gallery-1 is-layout-flex wp-block-gallery-is-layout-flex\"><div class=\"wp-block-image\">\n<figure class=\"aligncenter size-large\"><img loading=\"lazy\" decoding=\"async\" width=\"1024\" height=\"1024\" data-id=\"5664\" src=\"https:\/\/realcolegio.pt\/wp-content\/uploads\/2025\/02\/O-Estado-das-Coisas-1024x1024.png\" alt=\"&quot;O Estado das Coisas&quot;\" class=\"wp-image-5664\" srcset=\"https:\/\/realcolegio.pt\/wp-content\/uploads\/2025\/02\/O-Estado-das-Coisas-1024x1024.png 1024w, https:\/\/realcolegio.pt\/wp-content\/uploads\/2025\/02\/O-Estado-das-Coisas-980x980.png 980w, https:\/\/realcolegio.pt\/wp-content\/uploads\/2025\/02\/O-Estado-das-Coisas-480x480.png 480w\" sizes=\"auto, (min-width: 0px) and (max-width: 480px) 480px, (min-width: 481px) and (max-width: 980px) 980px, (min-width: 981px) 1024px, 100vw\" \/><figcaption class=\"wp-element-caption\">&#8220;O Estado das Coisas&#8221;<\/figcaption><\/figure>\n<\/div><\/figure>\n\n\n\n<p><\/p>\n\n\n\n<div class=\"wp-block-columns is-layout-flex wp-container-core-columns-is-layout-9d6595d7 wp-block-columns-is-layout-flex\">\n<div class=\"wp-block-column is-layout-flow wp-block-column-is-layout-flow\" style=\"flex-basis:100%\">\n<h2 class=\"wp-block-heading\">19 de mar\u00e7o \u00e0s 16h45<\/h2>\n<\/div>\n<\/div>\n\n\n\n<p>\u00c9 com grande entusiasmo que partilhamos com a nossa Comunidade Educativa o evento de apresenta\u00e7\u00e3o do mais recente livro da nossa CEO, intitulado &#8220;O Estado das Coisas&#8221;!<\/p>\n\n\n\n<p>O evento ir\u00e1 realizar-se no pr\u00f3ximo dia 19 de mar\u00e7o, \u00e0s 16h45, no Sal\u00e3o Nobre do Pal\u00e1cio Principal do RCP.<\/p>\n\n\n\n<p>Ser\u00e1 uma excelente oportunidade para todos conhecerem mais sobre a obra e partilharem um momento de conv\u00edvio e reflex\u00e3o.<\/p>\n\n\n\n<p>Este evento \u00e9 aberto a toda a nossa Comunidade Educativa e gostar\u00edamos de contar com a presen\u00e7a de todos e todas para celebrar este momento especial!<\/p>\n\n\n\n<p>Esperamos contar com a presen\u00e7a de todos e todas!<\/p>","protected":false},"excerpt":{"rendered":"<p>19 de mar\u00e7o \u00e0s 16h45 \u00c9 com grande entusiasmo que partilhamos com a nossa Comunidade Educativa o evento de apresenta\u00e7\u00e3o do mais recente livro da nossa CEO, intitulado &#8220;O Estado [&hellip;]<\/p>\n","protected":false},"author":2,"featured_media":5664,"comment_status":"closed","ping_status":"closed","sticky":false,"template":"","format":"standard","meta":{"_acf_changed":false,"_et_pb_use_builder":"on","_et_pb_old_content":"","_et_gb_content_width":"","footnotes":""},"categories":[1],"tags":[28,65,68,30,66,67,201,121],"class_list":["post-5783","post","type-post","status-publish","format-standard","has-post-thumbnail","hentry","category-noticia","tag-alunos","tag-aprendizagem","tag-aulas","tag-colegio","tag-educacao","tag-ensino","tag-greenlab","tag-juntos"],"acf":[],"_links":{"self":[{"href":"https:\/\/realcolegio.pt\/en\/wp-json\/wp\/v2\/posts\/5783","targetHints":{"allow":["GET"]}}],"collection":[{"href":"https:\/\/realcolegio.pt\/en\/wp-json\/wp\/v2\/posts"}],"about":[{"href":"https:\/\/realcolegio.pt\/en\/wp-json\/wp\/v2\/types\/post"}],"author":[{"embeddable":true,"href":"https:\/\/realcolegio.pt\/en\/wp-json\/wp\/v2\/users\/2"}],"replies":[{"embeddable":true,"href":"https:\/\/realcolegio.pt\/en\/wp-json\/wp\/v2\/comments?post=5783"}],"version-history":[{"count":1,"href":"https:\/\/realcolegio.pt\/en\/wp-json\/wp\/v2\/posts\/5783\/revisions"}],"predecessor-version":[{"id":5784,"href":"https:\/\/realcolegio.pt\/en\/wp-json\/wp\/v2\/posts\/5783\/revisions\/5784"}],"wp:featuredmedia":[{"embeddable":true,"href":"https:\/\/realcolegio.pt\/en\/wp-json\/wp\/v2\/media\/5664"}],"wp:attachment":[{"href":"https:\/\/realcolegio.pt\/en\/wp-json\/wp\/v2\/media?parent=5783"}],"wp:term":[{"taxonomy":"category","embeddable":true,"href":"https:\/\/realcolegio.pt\/en\/wp-json\/wp\/v2\/categories?post=5783"},{"taxonomy":"post_tag","embeddable":true,"href":"https:\/\/realcolegio.pt\/en\/wp-json\/wp\/v2\/tags?post=5783"}],"curies":[{"name":"wp","href":"https:\/\/api.w.org\/{rel}","templated":true}]}}