{"id":5742,"date":"2025-02-28T12:53:31","date_gmt":"2025-02-28T12:53:31","guid":{"rendered":"https:\/\/www.realcolegio.pt\/?p=5742"},"modified":"2025-02-28T12:55:58","modified_gmt":"2025-02-28T12:55:58","slug":"escola-alerta-2","status":"publish","type":"post","link":"https:\/\/realcolegio.pt\/en\/2025\/02\/28\/escola-alerta-2\/","title":{"rendered":"Escola Alerta!"},"content":{"rendered":"<figure class=\"wp-block-gallery aligncenter has-nested-images columns-default is-cropped wp-block-gallery-1 is-layout-flex wp-block-gallery-is-layout-flex\"><div class=\"wp-block-image\">\n<figure class=\"aligncenter size-large\"><img loading=\"lazy\" decoding=\"async\" width=\"768\" height=\"1024\" data-id=\"5740\" src=\"https:\/\/realcolegio.pt\/wp-content\/uploads\/2025\/02\/Painel-II-768x1024.jpeg\" alt=\"Escola Alerta!\" class=\"wp-image-5740\"\/><figcaption class=\"wp-element-caption\">Escola Alerta!<\/figcaption><\/figure>\n<\/div><\/figure>\n\n\n\n<p><\/p>\n\n\n\n<div class=\"wp-block-columns is-layout-flex wp-container-core-columns-is-layout-9d6595d7 wp-block-columns-is-layout-flex\">\n<div class=\"wp-block-column is-layout-flow wp-block-column-is-layout-flow\" style=\"flex-basis:100%\">\n<h2 class=\"wp-block-heading\">Sala dos 5 Anos, 1.\u00ba Ano e 2.\u00ba Ano<\/h2>\n<\/div>\n<\/div>\n\n\n\n<p>\u00c9 com grande entusiasmo que partilhamos a conclus\u00e3o da participa\u00e7\u00e3o das turmas da Sala dos 5 Anos, 1.\u00ba Ano e 2.\u00ba Ano do Real Col\u00e9gio de Portugal no Concurso &#8220;Escola Alerta!&#8221;, promovido pelo Instituto Nacional para a Reabilita\u00e7\u00e3o!<\/p>\n\n\n\n<p>Este concurso, que tem como objetivo promover a inclus\u00e3o na escola e na comunidade, foi uma excelente oportunidade para os nossos alunos explorarem o tema da inclusividade, criando projetos que sensibilizam para a import\u00e2ncia de um ambiente escolar acess\u00edvel e sem barreiras para todos.<\/p>\n\n\n\n<p>No 2.\u00ba Ano, os alunos e alunas desenvolveram uma \u00e1rvore simb\u00f3lica, com frases inspiradoras relacionadas com o tema da inclus\u00e3o. Na Sala dos 5 Anos, as crian\u00e7as realizaram ilustra\u00e7\u00f5es e descri\u00e7\u00f5es detalhadas sobre o que entendem por inclus\u00e3o, com grande criatividade e sensibilidade. J\u00e1 no 1.\u00ba Ano, os alunos criaram um v\u00eddeo que mostrou os acessos do col\u00e9gio destinados a alunos e pessoas com mobilidade reduzida, destacando a import\u00e2ncia de garantir que todos possam participar plenamente na vida escolar.<\/p>\n\n\n\n<p>O projeto culminou com a cria\u00e7\u00e3o de um cartaz com o t\u00edtulo &#8220;Construindo pontes, somos uma escola sem barreiras&#8221;, que refletiu a mensagem central da nossa participa\u00e7\u00e3o.<\/p>\n\n\n\n<p>Como um col\u00e9gio com uma forte aposta na educa\u00e7\u00e3o inclusiva, o Real Col\u00e9gio de Portugal viu nesta iniciativa uma oportunidade de refor\u00e7ar a import\u00e2ncia da inclus\u00e3o e da solidariedade no desenvolvimento dos nossos estudantes.<\/p>\n\n\n\n<p>Acreditamos que a participa\u00e7\u00e3o neste concurso contribuiu para que os nossos alunos se tornassem cidad\u00e3os mais conscientes, solid\u00e1rios e comprometidos com a constru\u00e7\u00e3o de uma sociedade mais justa e inclusiva!<\/p>\n\n\n\n<p>Aqui, Somos Felizes!<\/p>","protected":false},"excerpt":{"rendered":"<p>Sala dos 5 Anos, 1.\u00ba Ano e 2.\u00ba Ano \u00c9 com grande entusiasmo que partilhamos a conclus\u00e3o da participa\u00e7\u00e3o das turmas da Sala dos 5 Anos, 1.\u00ba Ano e 2.\u00ba Ano do Real Col\u00e9gio de Portugal no Concurso &#8220;Escola Alerta!&#8221;, promovido pelo Instituto Nacional para a Reabilita\u00e7\u00e3o! Este concurso, que tem como objetivo promover a [&hellip;]<\/p>\n","protected":false},"author":2,"featured_media":5740,"comment_status":"closed","ping_status":"closed","sticky":false,"template":"","format":"standard","meta":{"_acf_changed":false,"_et_pb_use_builder":"on","_et_pb_old_content":"","_et_gb_content_width":"","footnotes":""},"categories":[1],"tags":[28,65,68,30,66,67,201,121],"class_list":["post-5742","post","type-post","status-publish","format-standard","has-post-thumbnail","hentry","category-noticia","tag-alunos","tag-aprendizagem","tag-aulas","tag-colegio","tag-educacao","tag-ensino","tag-greenlab","tag-juntos"],"acf":[],"_links":{"self":[{"href":"https:\/\/realcolegio.pt\/en\/wp-json\/wp\/v2\/posts\/5742","targetHints":{"allow":["GET"]}}],"collection":[{"href":"https:\/\/realcolegio.pt\/en\/wp-json\/wp\/v2\/posts"}],"about":[{"href":"https:\/\/realcolegio.pt\/en\/wp-json\/wp\/v2\/types\/post"}],"author":[{"embeddable":true,"href":"https:\/\/realcolegio.pt\/en\/wp-json\/wp\/v2\/users\/2"}],"replies":[{"embeddable":true,"href":"https:\/\/realcolegio.pt\/en\/wp-json\/wp\/v2\/comments?post=5742"}],"version-history":[{"count":2,"href":"https:\/\/realcolegio.pt\/en\/wp-json\/wp\/v2\/posts\/5742\/revisions"}],"predecessor-version":[{"id":5746,"href":"https:\/\/realcolegio.pt\/en\/wp-json\/wp\/v2\/posts\/5742\/revisions\/5746"}],"wp:featuredmedia":[{"embeddable":true,"href":"https:\/\/realcolegio.pt\/en\/wp-json\/wp\/v2\/media\/5740"}],"wp:attachment":[{"href":"https:\/\/realcolegio.pt\/en\/wp-json\/wp\/v2\/media?parent=5742"}],"wp:term":[{"taxonomy":"category","embeddable":true,"href":"https:\/\/realcolegio.pt\/en\/wp-json\/wp\/v2\/categories?post=5742"},{"taxonomy":"post_tag","embeddable":true,"href":"https:\/\/realcolegio.pt\/en\/wp-json\/wp\/v2\/tags?post=5742"}],"curies":[{"name":"wp","href":"https:\/\/api.w.org\/{rel}","templated":true}]}}