{"id":5650,"date":"2025-02-07T13:24:52","date_gmt":"2025-02-07T13:24:52","guid":{"rendered":"https:\/\/www.realcolegio.pt\/?p=5650"},"modified":"2025-02-07T13:24:54","modified_gmt":"2025-02-07T13:24:54","slug":"open-day-2-o-ceb","status":"publish","type":"post","link":"https:\/\/realcolegio.pt\/en\/2025\/02\/07\/open-day-2-o-ceb\/","title":{"rendered":"Open Day 2.\u00ba CEB"},"content":{"rendered":"<figure class=\"wp-block-gallery aligncenter has-nested-images columns-default is-cropped wp-block-gallery-1 is-layout-flex wp-block-gallery-is-layout-flex\"><div class=\"wp-block-image\">\n<figure class=\"aligncenter size-large\"><img loading=\"lazy\" decoding=\"async\" width=\"1024\" height=\"1024\" data-id=\"5645\" src=\"https:\/\/realcolegio.pt\/wp-content\/uploads\/2025\/02\/open-day-2.o-ceb-1024x1024.jpg\" alt=\"Open Day 2.\u00ba CEB\" class=\"wp-image-5645\" srcset=\"https:\/\/realcolegio.pt\/wp-content\/uploads\/2025\/02\/open-day-2.o-ceb-1024x1024.jpg 1024w, https:\/\/realcolegio.pt\/wp-content\/uploads\/2025\/02\/open-day-2.o-ceb-980x980.jpg 980w, https:\/\/realcolegio.pt\/wp-content\/uploads\/2025\/02\/open-day-2.o-ceb-480x480.jpg 480w\" sizes=\"auto, (min-width: 0px) and (max-width: 480px) 480px, (min-width: 481px) and (max-width: 980px) 980px, (min-width: 981px) 1024px, 100vw\" \/><figcaption class=\"wp-element-caption\">Open Day 2.\u00ba CEB<\/figcaption><\/figure>\n<\/div><\/figure>\n\n\n\n<p><\/p>\n\n\n\n<div class=\"wp-block-columns is-layout-flex wp-container-core-columns-is-layout-9d6595d7 wp-block-columns-is-layout-flex\">\n<div class=\"wp-block-column is-layout-flow wp-block-column-is-layout-flow\" style=\"flex-basis:100%\">\n<h2 class=\"wp-block-heading\">Aqui, Somos Felizes!<\/h2>\n<\/div>\n<\/div>\n\n\n\n<p>No passado dia 3 de fevereiro, o Real Col\u00e9gio de Portugal teve o prazer de realizar o \u00faltimo Open Day deste ano, dedicado ao 2.\u00ba Ciclo do Ensino B\u00e1sico!<\/p>\n\n\n\n<p>Foi uma tarde especial, onde tivemos a oportunidade de partilhar o nosso projeto educativo, a excel\u00eancia do ensino que oferecemos e as diversas atividades que tornam o nosso col\u00e9gio um espa\u00e7o \u00fanico de aprendizagem e desenvolvimento.<\/p>\n\n\n\n<p>Este evento permitiu aos Encarregados de Educa\u00e7\u00e3o, Pais, Alunos e Alunas conhecer mais de perto a nossa abordagem pedag\u00f3gica e o ambiente que proporcionamos aos nossos estudantes.<\/p>\n\n\n\n<p>A presen\u00e7a e o envolvimento de todos foram fundamentais e agradecemos a todos que estiveram presentes e que contribu\u00edram para tornar esta tarde inesquec\u00edvel.<\/p>\n\n\n\n<p>O Real Col\u00e9gio de Portugal continua a crescer e a fortalecer-se, com a certeza de que cada dia \u00e9 uma nova oportunidade de fazer a diferen\u00e7a na educa\u00e7\u00e3o dos nossos alunos!<\/p>\n\n\n\n<p>Aqui, Somos Felizes!<\/p>","protected":false},"excerpt":{"rendered":"<p>Aqui, Somos Felizes! No passado dia 3 de fevereiro, o Real Col\u00e9gio de Portugal teve o prazer de realizar o \u00faltimo Open Day deste ano, dedicado ao 2.\u00ba Ciclo do Ensino B\u00e1sico! Foi uma tarde especial, onde tivemos a oportunidade de partilhar o nosso projeto educativo, a excel\u00eancia do ensino que oferecemos e as diversas [&hellip;]<\/p>\n","protected":false},"author":2,"featured_media":5645,"comment_status":"closed","ping_status":"closed","sticky":false,"template":"","format":"standard","meta":{"_acf_changed":false,"_et_pb_use_builder":"on","_et_pb_old_content":"","_et_gb_content_width":"","footnotes":""},"categories":[1],"tags":[28,65,68,30,66,67,201,121],"class_list":["post-5650","post","type-post","status-publish","format-standard","has-post-thumbnail","hentry","category-noticia","tag-alunos","tag-aprendizagem","tag-aulas","tag-colegio","tag-educacao","tag-ensino","tag-greenlab","tag-juntos"],"acf":[],"_links":{"self":[{"href":"https:\/\/realcolegio.pt\/en\/wp-json\/wp\/v2\/posts\/5650","targetHints":{"allow":["GET"]}}],"collection":[{"href":"https:\/\/realcolegio.pt\/en\/wp-json\/wp\/v2\/posts"}],"about":[{"href":"https:\/\/realcolegio.pt\/en\/wp-json\/wp\/v2\/types\/post"}],"author":[{"embeddable":true,"href":"https:\/\/realcolegio.pt\/en\/wp-json\/wp\/v2\/users\/2"}],"replies":[{"embeddable":true,"href":"https:\/\/realcolegio.pt\/en\/wp-json\/wp\/v2\/comments?post=5650"}],"version-history":[{"count":1,"href":"https:\/\/realcolegio.pt\/en\/wp-json\/wp\/v2\/posts\/5650\/revisions"}],"predecessor-version":[{"id":5651,"href":"https:\/\/realcolegio.pt\/en\/wp-json\/wp\/v2\/posts\/5650\/revisions\/5651"}],"wp:featuredmedia":[{"embeddable":true,"href":"https:\/\/realcolegio.pt\/en\/wp-json\/wp\/v2\/media\/5645"}],"wp:attachment":[{"href":"https:\/\/realcolegio.pt\/en\/wp-json\/wp\/v2\/media?parent=5650"}],"wp:term":[{"taxonomy":"category","embeddable":true,"href":"https:\/\/realcolegio.pt\/en\/wp-json\/wp\/v2\/categories?post=5650"},{"taxonomy":"post_tag","embeddable":true,"href":"https:\/\/realcolegio.pt\/en\/wp-json\/wp\/v2\/tags?post=5650"}],"curies":[{"name":"wp","href":"https:\/\/api.w.org\/{rel}","templated":true}]}}