{"id":5402,"date":"2024-11-29T16:49:48","date_gmt":"2024-11-29T16:49:48","guid":{"rendered":"https:\/\/www.realcolegio.pt\/?p=5402"},"modified":"2024-11-29T17:11:15","modified_gmt":"2024-11-29T17:11:15","slug":"amt-mobility-hub","status":"publish","type":"post","link":"https:\/\/realcolegio.pt\/en\/2024\/11\/29\/amt-mobility-hub\/","title":{"rendered":"AMT Mobility Hub"},"content":{"rendered":"<figure class=\"wp-block-gallery aligncenter has-nested-images columns-default is-cropped wp-block-gallery-1 is-layout-flex wp-block-gallery-is-layout-flex\"><div class=\"wp-block-image\">\n<figure class=\"aligncenter size-large\"><img loading=\"lazy\" decoding=\"async\" width=\"1024\" height=\"705\" data-id=\"5397\" src=\"https:\/\/realcolegio.pt\/wp-content\/uploads\/2024\/11\/IMG_7493-1024x705.jpg\" alt=\"AMT MOBILITY HUB\" class=\"wp-image-5397\" srcset=\"https:\/\/realcolegio.pt\/wp-content\/uploads\/2024\/11\/IMG_7493-980x675.jpg 980w, https:\/\/realcolegio.pt\/wp-content\/uploads\/2024\/11\/IMG_7493-480x331.jpg 480w\" sizes=\"auto, (min-width: 0px) and (max-width: 480px) 480px, (min-width: 481px) and (max-width: 980px) 980px, (min-width: 981px) 1024px, 100vw\" \/><figcaption class=\"wp-element-caption\">AMT MOBILITY HUB<\/figcaption><\/figure>\n<\/div><\/figure>\n\n\n\n<p><\/p>\n\n\n\n<div class=\"wp-block-columns is-layout-flex wp-container-core-columns-is-layout-9d6595d7 wp-block-columns-is-layout-flex\">\n<div class=\"wp-block-column is-layout-flow wp-block-column-is-layout-flow\" style=\"flex-basis:100%\">\n<h2 class=\"wp-block-heading\">Projetos para o Futuro<\/h2>\n<\/div>\n<\/div>\n\n\n\n<p>No passado dia 21 de novembro realizou-se a entrega dos Pr\u00e9mios AMT MOBILITY HUB!<\/p>\n\n\n\n<p>Estes pr\u00e9mios foram atribu\u00eddos pela Autoridade da Mobilidade e Transportes, que visa premiar Escolas que estejam a desenvolver projetos na \u00e1rea da Mobilidade Sustent\u00e1vel.<\/p>\n\n\n\n<p>O Real Col\u00e9gio de Portugal foi um dos 5 vencedores na categoria \u201cProjetos para o Futuro\u201d, com o Projeto \u201cRCP Moves\u201d.<\/p>\n\n\n\n<p>O projeto desenvolvido pelo RCP prop\u00f5e-se a avaliar a forma como a comunidade escolar se desloca no seu dia a dia, perceber quais as principais dificuldades que esta encontra e promover h\u00e1bitos de mobilidade mais sustent\u00e1vel.<\/p>\n\n\n\n<p>Este projeto ser\u00e1 desenvolvido, em particular, pelos alunos do 3.\u00ba CEB, mas pretende que todos sejam envolvidos.<\/p>\n\n\n\n<p>Juntos Constru\u00edmos o Futuro!<\/p>","protected":false},"excerpt":{"rendered":"<p>Projetos para o Futuro No passado dia 21 de novembro realizou-se a entrega dos Pr\u00e9mios AMT MOBILITY HUB! Estes pr\u00e9mios foram atribu\u00eddos pela Autoridade da Mobilidade e Transportes, que visa [&hellip;]<\/p>\n","protected":false},"author":2,"featured_media":5397,"comment_status":"closed","ping_status":"closed","sticky":false,"template":"","format":"standard","meta":{"_acf_changed":false,"_et_pb_use_builder":"on","_et_pb_old_content":"","_et_gb_content_width":"","footnotes":""},"categories":[1],"tags":[28,65,68,30,66,67,201,121],"class_list":["post-5402","post","type-post","status-publish","format-standard","has-post-thumbnail","hentry","category-noticia","tag-alunos","tag-aprendizagem","tag-aulas","tag-colegio","tag-educacao","tag-ensino","tag-greenlab","tag-juntos"],"acf":[],"_links":{"self":[{"href":"https:\/\/realcolegio.pt\/en\/wp-json\/wp\/v2\/posts\/5402","targetHints":{"allow":["GET"]}}],"collection":[{"href":"https:\/\/realcolegio.pt\/en\/wp-json\/wp\/v2\/posts"}],"about":[{"href":"https:\/\/realcolegio.pt\/en\/wp-json\/wp\/v2\/types\/post"}],"author":[{"embeddable":true,"href":"https:\/\/realcolegio.pt\/en\/wp-json\/wp\/v2\/users\/2"}],"replies":[{"embeddable":true,"href":"https:\/\/realcolegio.pt\/en\/wp-json\/wp\/v2\/comments?post=5402"}],"version-history":[{"count":2,"href":"https:\/\/realcolegio.pt\/en\/wp-json\/wp\/v2\/posts\/5402\/revisions"}],"predecessor-version":[{"id":5409,"href":"https:\/\/realcolegio.pt\/en\/wp-json\/wp\/v2\/posts\/5402\/revisions\/5409"}],"wp:featuredmedia":[{"embeddable":true,"href":"https:\/\/realcolegio.pt\/en\/wp-json\/wp\/v2\/media\/5397"}],"wp:attachment":[{"href":"https:\/\/realcolegio.pt\/en\/wp-json\/wp\/v2\/media?parent=5402"}],"wp:term":[{"taxonomy":"category","embeddable":true,"href":"https:\/\/realcolegio.pt\/en\/wp-json\/wp\/v2\/categories?post=5402"},{"taxonomy":"post_tag","embeddable":true,"href":"https:\/\/realcolegio.pt\/en\/wp-json\/wp\/v2\/tags?post=5402"}],"curies":[{"name":"wp","href":"https:\/\/api.w.org\/{rel}","templated":true}]}}