{"id":5302,"date":"2024-10-24T16:41:43","date_gmt":"2024-10-24T15:41:43","guid":{"rendered":"https:\/\/www.realcolegio.pt\/?p=5302"},"modified":"2024-10-24T17:39:32","modified_gmt":"2024-10-24T16:39:32","slug":"reuniao-forum-lisboa","status":"publish","type":"post","link":"https:\/\/realcolegio.pt\/en\/2024\/10\/24\/reuniao-forum-lisboa\/","title":{"rendered":"Reuni\u00e3o F\u00f3rum Lisboa"},"content":{"rendered":"<figure class=\"wp-block-gallery aligncenter has-nested-images columns-default is-cropped wp-block-gallery-1 is-layout-flex wp-block-gallery-is-layout-flex\"><div class=\"wp-block-image\">\n<figure class=\"aligncenter size-large\"><img loading=\"lazy\" decoding=\"async\" width=\"768\" height=\"1024\" data-id=\"5299\" src=\"https:\/\/realcolegio.pt\/wp-content\/uploads\/2024\/10\/c57d2dab-fb26-483a-94fe-f25464243e0c-768x1024.jpg\" alt=\"Reuni\u00e3o F\u00f3rum Lisboa\" class=\"wp-image-5299\"\/><figcaption class=\"wp-element-caption\">Reuni\u00e3o F\u00f3rum Lisboa<\/figcaption><\/figure>\n<\/div><\/figure>\n\n\n\n<p><\/p>\n\n\n\n<div class=\"wp-block-columns is-layout-flex wp-container-core-columns-is-layout-9d6595d7 wp-block-columns-is-layout-flex\">\n<div class=\"wp-block-column is-layout-flow wp-block-column-is-layout-flow\" style=\"flex-basis:100%\">\n<h2 class=\"wp-block-heading\">Prepara\u00e7\u00f5es | Festa de Natal<\/h2>\n<\/div>\n<\/div>\n\n\n\n<p>Na passada segunda-feira, dia 21 de outubro, as Dire\u00e7\u00f5es do Real Col\u00e9gio de Portugal e do Col\u00e9gio de Alfragide, juntamente com os Professores de M\u00fasica de ambas as institui\u00e7\u00f5es, reuniram-se no F\u00f3rum Lisboa sobre a Festa de Natal 2024!<\/p>\n\n\n\n<p>O Natal est\u00e1 \u00e0 espreita e juntos estamos a trabalhar para concretizar esta festa t\u00e3o especial para a nossa Comunidade Educativa!<\/p>\n\n\n\n<p>No pr\u00f3ximo dia 7 de dezembro convidamos toda a nossa Comunidade Educativa a estar presente nesta comemora\u00e7\u00e3o especial.<\/p>\n\n\n\n<p>Aqui, Somos Felizes!<\/p>","protected":false},"excerpt":{"rendered":"<p>Prepara\u00e7\u00f5es | Festa de Natal Na passada segunda-feira, dia 21 de outubro, as Dire\u00e7\u00f5es do Real Col\u00e9gio de Portugal e do Col\u00e9gio de Alfragide, juntamente com os Professores de M\u00fasica de ambas as institui\u00e7\u00f5es, reuniram-se no F\u00f3rum Lisboa sobre a Festa de Natal 2024! O Natal est\u00e1 \u00e0 espreita e juntos estamos a trabalhar para [&hellip;]<\/p>\n","protected":false},"author":2,"featured_media":5299,"comment_status":"closed","ping_status":"closed","sticky":false,"template":"","format":"standard","meta":{"_acf_changed":false,"_et_pb_use_builder":"on","_et_pb_old_content":"","_et_gb_content_width":"","footnotes":""},"categories":[1],"tags":[28,65,68,30,66,67,201,121],"class_list":["post-5302","post","type-post","status-publish","format-standard","has-post-thumbnail","hentry","category-noticia","tag-alunos","tag-aprendizagem","tag-aulas","tag-colegio","tag-educacao","tag-ensino","tag-greenlab","tag-juntos"],"acf":[],"_links":{"self":[{"href":"https:\/\/realcolegio.pt\/en\/wp-json\/wp\/v2\/posts\/5302","targetHints":{"allow":["GET"]}}],"collection":[{"href":"https:\/\/realcolegio.pt\/en\/wp-json\/wp\/v2\/posts"}],"about":[{"href":"https:\/\/realcolegio.pt\/en\/wp-json\/wp\/v2\/types\/post"}],"author":[{"embeddable":true,"href":"https:\/\/realcolegio.pt\/en\/wp-json\/wp\/v2\/users\/2"}],"replies":[{"embeddable":true,"href":"https:\/\/realcolegio.pt\/en\/wp-json\/wp\/v2\/comments?post=5302"}],"version-history":[{"count":2,"href":"https:\/\/realcolegio.pt\/en\/wp-json\/wp\/v2\/posts\/5302\/revisions"}],"predecessor-version":[{"id":5308,"href":"https:\/\/realcolegio.pt\/en\/wp-json\/wp\/v2\/posts\/5302\/revisions\/5308"}],"wp:featuredmedia":[{"embeddable":true,"href":"https:\/\/realcolegio.pt\/en\/wp-json\/wp\/v2\/media\/5299"}],"wp:attachment":[{"href":"https:\/\/realcolegio.pt\/en\/wp-json\/wp\/v2\/media?parent=5302"}],"wp:term":[{"taxonomy":"category","embeddable":true,"href":"https:\/\/realcolegio.pt\/en\/wp-json\/wp\/v2\/categories?post=5302"},{"taxonomy":"post_tag","embeddable":true,"href":"https:\/\/realcolegio.pt\/en\/wp-json\/wp\/v2\/tags?post=5302"}],"curies":[{"name":"wp","href":"https:\/\/api.w.org\/{rel}","templated":true}]}}