{"id":5297,"date":"2024-10-24T16:39:31","date_gmt":"2024-10-24T15:39:31","guid":{"rendered":"https:\/\/www.realcolegio.pt\/?p=5297"},"modified":"2024-10-24T16:39:34","modified_gmt":"2024-10-24T15:39:34","slug":"auto-da-barca-do-inferno-2","status":"publish","type":"post","link":"https:\/\/realcolegio.pt\/en\/2024\/10\/24\/auto-da-barca-do-inferno-2\/","title":{"rendered":"Auto da Barca do Inferno"},"content":{"rendered":"<figure class=\"wp-block-gallery aligncenter has-nested-images columns-default is-cropped wp-block-gallery-1 is-layout-flex wp-block-gallery-is-layout-flex\"><div class=\"wp-block-image\">\n<figure class=\"aligncenter size-large\"><img loading=\"lazy\" decoding=\"async\" width=\"1024\" height=\"768\" data-id=\"5298\" src=\"https:\/\/realcolegio.pt\/wp-content\/uploads\/2024\/10\/1e001511-4255-403a-b566-3fb34d43814e-1024x768.jpg\" alt=\"Auto da Barca do Inferno\" class=\"wp-image-5298\" srcset=\"https:\/\/realcolegio.pt\/wp-content\/uploads\/2024\/10\/1e001511-4255-403a-b566-3fb34d43814e-980x735.jpg 980w, https:\/\/realcolegio.pt\/wp-content\/uploads\/2024\/10\/1e001511-4255-403a-b566-3fb34d43814e-480x360.jpg 480w\" sizes=\"auto, (min-width: 0px) and (max-width: 480px) 480px, (min-width: 481px) and (max-width: 980px) 980px, (min-width: 981px) 1024px, 100vw\" \/><figcaption class=\"wp-element-caption\">Auto da Barca do Inferno<\/figcaption><\/figure>\n<\/div><\/figure>\n\n\n\n<p><\/p>\n\n\n\n<div class=\"wp-block-columns is-layout-flex wp-container-core-columns-is-layout-9d6595d7 wp-block-columns-is-layout-flex\">\n<div class=\"wp-block-column is-layout-flow wp-block-column-is-layout-flow\" style=\"flex-basis:100%\">\n<h2 class=\"wp-block-heading\">Ensino Secund\u00e1rio<\/h2>\n<\/div>\n<\/div>\n\n\n\n<p>Na passada quarta-feira, dia 23 de outubro, os nossos alunos e alunas do 10.\u00ba Ano e do 12.\u00ba Ano foram at\u00e9 ao Museu Nacional do Teatro!<\/p>\n\n\n\n<p>Os nossos alunos e alunas assistiram a uma vers\u00e3o contempor\u00e2nea da pe\u00e7a de teatro de Gil Vicente, \u201cAuto da Barca do Inferno\u201d.<\/p>\n\n\n\n<p>Os nossos estudantes assistiram \u00e0 pe\u00e7a no audit\u00f3rio do museu.<\/p>\n\n\n\n<p>Segundo os nossos alunos, foi um momento cultural, moderno, divertido e interativo.<\/p>\n\n\n\n<p>Aqui, Somos Felizes!<\/p>","protected":false},"excerpt":{"rendered":"<p>Ensino Secund\u00e1rio Na passada quarta-feira, dia 23 de outubro, os nossos alunos e alunas do 10.\u00ba Ano e do 12.\u00ba Ano foram at\u00e9 ao Museu Nacional do Teatro! Os nossos alunos e alunas assistiram a uma vers\u00e3o contempor\u00e2nea da pe\u00e7a de teatro de Gil Vicente, \u201cAuto da Barca do Inferno\u201d. Os nossos estudantes assistiram \u00e0 [&hellip;]<\/p>\n","protected":false},"author":2,"featured_media":5298,"comment_status":"closed","ping_status":"closed","sticky":false,"template":"","format":"standard","meta":{"_acf_changed":false,"_et_pb_use_builder":"on","_et_pb_old_content":"","_et_gb_content_width":"","footnotes":""},"categories":[1],"tags":[28,65,68,30,66,67,201,121],"class_list":["post-5297","post","type-post","status-publish","format-standard","has-post-thumbnail","hentry","category-noticia","tag-alunos","tag-aprendizagem","tag-aulas","tag-colegio","tag-educacao","tag-ensino","tag-greenlab","tag-juntos"],"acf":[],"_links":{"self":[{"href":"https:\/\/realcolegio.pt\/en\/wp-json\/wp\/v2\/posts\/5297","targetHints":{"allow":["GET"]}}],"collection":[{"href":"https:\/\/realcolegio.pt\/en\/wp-json\/wp\/v2\/posts"}],"about":[{"href":"https:\/\/realcolegio.pt\/en\/wp-json\/wp\/v2\/types\/post"}],"author":[{"embeddable":true,"href":"https:\/\/realcolegio.pt\/en\/wp-json\/wp\/v2\/users\/2"}],"replies":[{"embeddable":true,"href":"https:\/\/realcolegio.pt\/en\/wp-json\/wp\/v2\/comments?post=5297"}],"version-history":[{"count":1,"href":"https:\/\/realcolegio.pt\/en\/wp-json\/wp\/v2\/posts\/5297\/revisions"}],"predecessor-version":[{"id":5301,"href":"https:\/\/realcolegio.pt\/en\/wp-json\/wp\/v2\/posts\/5297\/revisions\/5301"}],"wp:featuredmedia":[{"embeddable":true,"href":"https:\/\/realcolegio.pt\/en\/wp-json\/wp\/v2\/media\/5298"}],"wp:attachment":[{"href":"https:\/\/realcolegio.pt\/en\/wp-json\/wp\/v2\/media?parent=5297"}],"wp:term":[{"taxonomy":"category","embeddable":true,"href":"https:\/\/realcolegio.pt\/en\/wp-json\/wp\/v2\/categories?post=5297"},{"taxonomy":"post_tag","embeddable":true,"href":"https:\/\/realcolegio.pt\/en\/wp-json\/wp\/v2\/tags?post=5297"}],"curies":[{"name":"wp","href":"https:\/\/api.w.org\/{rel}","templated":true}]}}