{"id":5263,"date":"2024-10-11T13:56:35","date_gmt":"2024-10-11T12:56:35","guid":{"rendered":"https:\/\/www.realcolegio.pt\/?p=5263"},"modified":"2024-10-11T13:58:56","modified_gmt":"2024-10-11T12:58:56","slug":"o-estado-das-coisas","status":"publish","type":"post","link":"https:\/\/realcolegio.pt\/en\/2024\/10\/11\/o-estado-das-coisas\/","title":{"rendered":"&#8220;O Estado das Coisas&#8221;"},"content":{"rendered":"<figure class=\"wp-block-gallery aligncenter has-nested-images columns-default is-cropped wp-block-gallery-1 is-layout-flex wp-block-gallery-is-layout-flex\"><div class=\"wp-block-image\">\n<figure class=\"aligncenter size-large\"><img loading=\"lazy\" decoding=\"async\" width=\"1024\" height=\"1024\" data-id=\"5225\" src=\"https:\/\/realcolegio.pt\/wp-content\/uploads\/2024\/09\/Estado-das-Coisas_convite-1024x1024.jpg\" alt=\"&quot;O Estado das Coisas&quot; | Teresa Dam\u00e1sio\" class=\"wp-image-5225\" srcset=\"https:\/\/realcolegio.pt\/wp-content\/uploads\/2024\/09\/Estado-das-Coisas_convite-1024x1024.jpg 1024w, https:\/\/realcolegio.pt\/wp-content\/uploads\/2024\/09\/Estado-das-Coisas_convite-980x980.jpg 980w, https:\/\/realcolegio.pt\/wp-content\/uploads\/2024\/09\/Estado-das-Coisas_convite-480x480.jpg 480w\" sizes=\"auto, (min-width: 0px) and (max-width: 480px) 480px, (min-width: 481px) and (max-width: 980px) 980px, (min-width: 981px) 1024px, 100vw\" \/><figcaption class=\"wp-element-caption\">&#8220;O Estado das Coisas&#8221; | Teresa Dam\u00e1sio<\/figcaption><\/figure>\n<\/div><\/figure>\n\n\n\n<p><\/p>\n\n\n\n<div class=\"wp-block-columns is-layout-flex wp-container-core-columns-is-layout-9d6595d7 wp-block-columns-is-layout-flex\">\n<div class=\"wp-block-column is-layout-flow wp-block-column-is-layout-flow\" style=\"flex-basis:100%\">\n<h2 class=\"wp-block-heading\">Dra. Teresa Dam\u00e1sio<\/h2>\n<\/div>\n<\/div>\n\n\n\n<p>Hoje partilhamos com a nossa Comunidade Educativa o lan\u00e7amento oficial do mais recente livro \u201cO Estado das Coisas\u201d, da CEO da Real Academia de Portugal, Dr.\u00aa Teresa Dam\u00e1sio.<\/p>\n\n\n\n<p>O lan\u00e7amento ser\u00e1 no dia 25 de novembro, segunda-feira, \u00e0s 18h30 no El Corte Ingl\u00eas de Lisboa.<\/p>\n\n\n\n<p>Convidamos todos e todas a juntarem-se a este momento not\u00e1vel!<\/p>\n\n\n\n<p>Dispon\u00edvel para pr\u00e9-venda em:<\/p>\n\n\n\n<p><a href=\"https:\/\/www.wook.pt\/livro\/o-estado-das-coisas-teresa-damasio\/30875403\" rel=\"noopener\">https:\/\/www.wook.pt\/livro\/o-estado-das-coisas-teresa-damasio\/30875403<\/a><\/p>\n\n\n\n<p><a href=\"https:\/\/www.bertrand.pt\/livro\/o-estado-das-coisas-teresa-damasio\/30875403\" rel=\"noopener\">https:\/\/www.bertrand.pt\/livro\/o-estado-das-coisas-teresa-damasio\/30875403<\/a><\/p>\n\n\n\n<p><a href=\"https:\/\/www.fnac.pt\/O-Estado-das-Coisas-Teresa-Damasio\/a12073749\" rel=\"noopener\">https:\/\/www.fnac.pt\/O-Estado-das-Coisas-Teresa-Damasio\/a12073749<\/a><\/p>\n\n\n\n<p>Dia 25 de novembro \u00e0s 18h30 estaremos juntos a celebrar este lan\u00e7amento!<\/p>","protected":false},"excerpt":{"rendered":"<p>Dra. Teresa Dam\u00e1sio Hoje partilhamos com a nossa Comunidade Educativa o lan\u00e7amento oficial do mais recente livro \u201cO Estado das Coisas\u201d, da CEO da Real Academia de Portugal, Dr.\u00aa Teresa [&hellip;]<\/p>\n","protected":false},"author":2,"featured_media":5225,"comment_status":"closed","ping_status":"closed","sticky":false,"template":"","format":"standard","meta":{"_acf_changed":false,"_et_pb_use_builder":"on","_et_pb_old_content":"","_et_gb_content_width":"","footnotes":""},"categories":[1],"tags":[28,65,68,30,66,67,201,121],"class_list":["post-5263","post","type-post","status-publish","format-standard","has-post-thumbnail","hentry","category-noticia","tag-alunos","tag-aprendizagem","tag-aulas","tag-colegio","tag-educacao","tag-ensino","tag-greenlab","tag-juntos"],"acf":[],"_links":{"self":[{"href":"https:\/\/realcolegio.pt\/en\/wp-json\/wp\/v2\/posts\/5263","targetHints":{"allow":["GET"]}}],"collection":[{"href":"https:\/\/realcolegio.pt\/en\/wp-json\/wp\/v2\/posts"}],"about":[{"href":"https:\/\/realcolegio.pt\/en\/wp-json\/wp\/v2\/types\/post"}],"author":[{"embeddable":true,"href":"https:\/\/realcolegio.pt\/en\/wp-json\/wp\/v2\/users\/2"}],"replies":[{"embeddable":true,"href":"https:\/\/realcolegio.pt\/en\/wp-json\/wp\/v2\/comments?post=5263"}],"version-history":[{"count":2,"href":"https:\/\/realcolegio.pt\/en\/wp-json\/wp\/v2\/posts\/5263\/revisions"}],"predecessor-version":[{"id":5265,"href":"https:\/\/realcolegio.pt\/en\/wp-json\/wp\/v2\/posts\/5263\/revisions\/5265"}],"wp:featuredmedia":[{"embeddable":true,"href":"https:\/\/realcolegio.pt\/en\/wp-json\/wp\/v2\/media\/5225"}],"wp:attachment":[{"href":"https:\/\/realcolegio.pt\/en\/wp-json\/wp\/v2\/media?parent=5263"}],"wp:term":[{"taxonomy":"category","embeddable":true,"href":"https:\/\/realcolegio.pt\/en\/wp-json\/wp\/v2\/categories?post=5263"},{"taxonomy":"post_tag","embeddable":true,"href":"https:\/\/realcolegio.pt\/en\/wp-json\/wp\/v2\/tags?post=5263"}],"curies":[{"name":"wp","href":"https:\/\/api.w.org\/{rel}","templated":true}]}}