{"id":5016,"date":"2024-07-22T01:19:39","date_gmt":"2024-07-22T00:19:39","guid":{"rendered":"https:\/\/www.realcolegio.pt\/?p=5016"},"modified":"2024-07-22T01:19:42","modified_gmt":"2024-07-22T00:19:42","slug":"pavilhao-do-conhecimento","status":"publish","type":"post","link":"https:\/\/realcolegio.pt\/en\/2024\/07\/22\/pavilhao-do-conhecimento\/","title":{"rendered":"Pavilh\u00e3o do Conhecimento"},"content":{"rendered":"<figure class=\"wp-block-gallery aligncenter has-nested-images columns-default is-cropped wp-block-gallery-1 is-layout-flex wp-block-gallery-is-layout-flex\"><div class=\"wp-block-image\">\n<figure class=\"aligncenter size-large\"><img loading=\"lazy\" decoding=\"async\" width=\"1024\" height=\"1024\" data-id=\"5014\" src=\"https:\/\/realcolegio.pt\/wp-content\/uploads\/2024\/07\/pavilhao-do-conhecimento-1024x1024.jpg\" alt=\"pavilh\u00e3o do conhecimento\" class=\"wp-image-5014\" srcset=\"https:\/\/realcolegio.pt\/wp-content\/uploads\/2024\/07\/pavilhao-do-conhecimento-1024x1024.jpg 1024w, https:\/\/realcolegio.pt\/wp-content\/uploads\/2024\/07\/pavilhao-do-conhecimento-980x980.jpg 980w, https:\/\/realcolegio.pt\/wp-content\/uploads\/2024\/07\/pavilhao-do-conhecimento-480x480.jpg 480w\" sizes=\"auto, (min-width: 0px) and (max-width: 480px) 480px, (min-width: 481px) and (max-width: 980px) 980px, (min-width: 981px) 1024px, 100vw\" \/><figcaption class=\"wp-element-caption\">Pavilh\u00e3o do Conhecimento<\/figcaption><\/figure>\n<\/div><\/figure>\n\n\n\n<p><\/p>\n\n\n\n<div class=\"wp-block-columns is-layout-flex wp-container-core-columns-is-layout-9d6595d7 wp-block-columns-is-layout-flex\">\n<div class=\"wp-block-column is-layout-flow wp-block-column-is-layout-flow\" style=\"flex-basis:100%\">\n<h2 class=\"wp-block-heading\">Centro de Ci\u00eancia Viva<\/h2>\n<\/div>\n<\/div>\n\n\n\n<p>Durante a semana passada, os nossos alunos e alunas do 1.\u00ba Ciclo visitaram o Pavilh\u00e3o do Conhecimento!<\/p>\n\n\n\n<p>O Pavilh\u00e3o do Conhecimento no Centro de Ci\u00eancia Viva \u00e9 um s\u00edtio muito divertido e interessante para as crian\u00e7as visitarem.<\/p>\n\n\n\n<p>Os nossos meninos e meninas experimentaram v\u00e1rias atividades diferentes, relacionadas com a ci\u00eancia, ao longo da manh\u00e3!<\/p>\n\n\n\n<p>Divers\u00e3o e Conhecimento foi o que n\u00e3o faltou aos nossos alunos!<\/p>\n\n\n\n<p>Por fim, a seguir a visitarmos o pavilh\u00e3o, fomos fazer um piquenique ao ar livre para aproveitar o bom tempo.<\/p>\n\n\n\n<p>Os nossos meninos e meninas adoraram este dia!<\/p>","protected":false},"excerpt":{"rendered":"<p>Centro de Ci\u00eancia Viva Durante a semana passada, os nossos alunos e alunas do 1.\u00ba Ciclo visitaram o Pavilh\u00e3o do Conhecimento! O Pavilh\u00e3o do Conhecimento no Centro de Ci\u00eancia Viva [&hellip;]<\/p>\n","protected":false},"author":2,"featured_media":5014,"comment_status":"closed","ping_status":"closed","sticky":false,"template":"","format":"standard","meta":{"_acf_changed":false,"_et_pb_use_builder":"on","_et_pb_old_content":"","_et_gb_content_width":"","footnotes":""},"categories":[1],"tags":[28,65,68,30,66,67,201,121],"class_list":["post-5016","post","type-post","status-publish","format-standard","has-post-thumbnail","hentry","category-noticia","tag-alunos","tag-aprendizagem","tag-aulas","tag-colegio","tag-educacao","tag-ensino","tag-greenlab","tag-juntos"],"acf":[],"_links":{"self":[{"href":"https:\/\/realcolegio.pt\/en\/wp-json\/wp\/v2\/posts\/5016","targetHints":{"allow":["GET"]}}],"collection":[{"href":"https:\/\/realcolegio.pt\/en\/wp-json\/wp\/v2\/posts"}],"about":[{"href":"https:\/\/realcolegio.pt\/en\/wp-json\/wp\/v2\/types\/post"}],"author":[{"embeddable":true,"href":"https:\/\/realcolegio.pt\/en\/wp-json\/wp\/v2\/users\/2"}],"replies":[{"embeddable":true,"href":"https:\/\/realcolegio.pt\/en\/wp-json\/wp\/v2\/comments?post=5016"}],"version-history":[{"count":1,"href":"https:\/\/realcolegio.pt\/en\/wp-json\/wp\/v2\/posts\/5016\/revisions"}],"predecessor-version":[{"id":5017,"href":"https:\/\/realcolegio.pt\/en\/wp-json\/wp\/v2\/posts\/5016\/revisions\/5017"}],"wp:featuredmedia":[{"embeddable":true,"href":"https:\/\/realcolegio.pt\/en\/wp-json\/wp\/v2\/media\/5014"}],"wp:attachment":[{"href":"https:\/\/realcolegio.pt\/en\/wp-json\/wp\/v2\/media?parent=5016"}],"wp:term":[{"taxonomy":"category","embeddable":true,"href":"https:\/\/realcolegio.pt\/en\/wp-json\/wp\/v2\/categories?post=5016"},{"taxonomy":"post_tag","embeddable":true,"href":"https:\/\/realcolegio.pt\/en\/wp-json\/wp\/v2\/tags?post=5016"}],"curies":[{"name":"wp","href":"https:\/\/api.w.org\/{rel}","templated":true}]}}