{"id":4817,"date":"2024-05-31T12:32:15","date_gmt":"2024-05-31T11:32:15","guid":{"rendered":"https:\/\/www.realcolegio.pt\/?p=4817"},"modified":"2024-05-31T12:32:17","modified_gmt":"2024-05-31T11:32:17","slug":"gala-de-finalistas-12-o-ano-2","status":"publish","type":"post","link":"https:\/\/realcolegio.pt\/en\/2024\/05\/31\/gala-de-finalistas-12-o-ano-2\/","title":{"rendered":"Gala de Finalistas 12.\u00ba Ano"},"content":{"rendered":"<figure class=\"wp-block-gallery aligncenter has-nested-images columns-default is-cropped wp-block-gallery-1 is-layout-flex wp-block-gallery-is-layout-flex\"><div class=\"wp-block-image\">\n<figure class=\"aligncenter size-large\"><img loading=\"lazy\" decoding=\"async\" width=\"768\" height=\"1024\" data-id=\"4815\" src=\"https:\/\/realcolegio.pt\/wp-content\/uploads\/2024\/05\/a45ee1a9-9a27-48ec-8681-111fd8999cb2-768x1024.jpg\" alt=\"Gala de Finalistas 12.\u00ba Ano\" class=\"wp-image-4815\"\/><figcaption class=\"wp-element-caption\">Gala de Finalistas 12.\u00ba Ano<\/figcaption><\/figure>\n<\/div><\/figure>\n\n\n\n<p><\/p>\n\n\n\n<div class=\"wp-block-columns is-layout-flex wp-container-core-columns-is-layout-9d6595d7 wp-block-columns-is-layout-flex\">\n<div class=\"wp-block-column is-layout-flow wp-block-column-is-layout-flow\" style=\"flex-basis:100%\">\n<h2 class=\"wp-block-heading\">Finalistas 2023\/2024<\/h2>\n<\/div>\n<\/div>\n\n\n\n<p>Na passada sexta-feira, dia 24 de maio, realizou-se um dos eventos mais esperados do ano, a Gala de&nbsp;Finalistas do 12.\u00ba Ano!<br><br>A Cerim\u00f3nia decorreu na Casa de Desenho, onde se realizou um cocktail de boas-vindas, a entrega de faixas e diplomas de Finalistas e posteriormente o jantar e festa!<\/p>\n\n\n\n<p>No evento estiveram presentes os nossos Alunos e Alunas, Familiares dos mesmos, Professores e Funcion\u00e1rios da nossa institui\u00e7\u00e3o.<\/p>\n\n\n\n<p>Foi uma noite memor\u00e1vel para todos os presentes!<br><br>O Real Col\u00e9gio de Portugal tem um imenso orgulho dos seus&nbsp;Finalistas e em todo o percurso que realizaram ao longo destes tr\u00eas anos!<\/p>\n\n\n\n<p>M\u00fasica, surpresas e muita emo\u00e7\u00e3o! A verdadeira sensa\u00e7\u00e3o de que o \u201cFuturo Come\u00e7a Agora\u201d para os nossos Alunos e Alunas.<\/p>\n\n\n\n<p>O RCP deseja as maiores felicidades para estes Finalistas e que atinjam o melhor a n\u00edvel pessoal e profissional, n\u00e3o esquecendo nunca de praticar o bem e de se tornarem melhores pessoas!<\/p>\n\n\n\n<p>O Futuro Come\u00e7a Agora!<\/p>","protected":false},"excerpt":{"rendered":"<p>Finalistas 2023\/2024 Na passada sexta-feira, dia 24 de maio, realizou-se um dos eventos mais esperados do ano, a Gala de&nbsp;Finalistas do 12.\u00ba Ano! A Cerim\u00f3nia decorreu na Casa de Desenho, onde se realizou um cocktail de boas-vindas, a entrega de faixas e diplomas de Finalistas e posteriormente o jantar e festa! No evento estiveram presentes [&hellip;]<\/p>\n","protected":false},"author":2,"featured_media":4815,"comment_status":"closed","ping_status":"closed","sticky":false,"template":"","format":"standard","meta":{"_acf_changed":false,"_et_pb_use_builder":"on","_et_pb_old_content":"","_et_gb_content_width":"","footnotes":""},"categories":[1],"tags":[28,65,68,30,66,67,201,121],"class_list":["post-4817","post","type-post","status-publish","format-standard","has-post-thumbnail","hentry","category-noticia","tag-alunos","tag-aprendizagem","tag-aulas","tag-colegio","tag-educacao","tag-ensino","tag-greenlab","tag-juntos"],"acf":[],"_links":{"self":[{"href":"https:\/\/realcolegio.pt\/en\/wp-json\/wp\/v2\/posts\/4817","targetHints":{"allow":["GET"]}}],"collection":[{"href":"https:\/\/realcolegio.pt\/en\/wp-json\/wp\/v2\/posts"}],"about":[{"href":"https:\/\/realcolegio.pt\/en\/wp-json\/wp\/v2\/types\/post"}],"author":[{"embeddable":true,"href":"https:\/\/realcolegio.pt\/en\/wp-json\/wp\/v2\/users\/2"}],"replies":[{"embeddable":true,"href":"https:\/\/realcolegio.pt\/en\/wp-json\/wp\/v2\/comments?post=4817"}],"version-history":[{"count":1,"href":"https:\/\/realcolegio.pt\/en\/wp-json\/wp\/v2\/posts\/4817\/revisions"}],"predecessor-version":[{"id":4818,"href":"https:\/\/realcolegio.pt\/en\/wp-json\/wp\/v2\/posts\/4817\/revisions\/4818"}],"wp:featuredmedia":[{"embeddable":true,"href":"https:\/\/realcolegio.pt\/en\/wp-json\/wp\/v2\/media\/4815"}],"wp:attachment":[{"href":"https:\/\/realcolegio.pt\/en\/wp-json\/wp\/v2\/media?parent=4817"}],"wp:term":[{"taxonomy":"category","embeddable":true,"href":"https:\/\/realcolegio.pt\/en\/wp-json\/wp\/v2\/categories?post=4817"},{"taxonomy":"post_tag","embeddable":true,"href":"https:\/\/realcolegio.pt\/en\/wp-json\/wp\/v2\/tags?post=4817"}],"curies":[{"name":"wp","href":"https:\/\/api.w.org\/{rel}","templated":true}]}}