{"id":4803,"date":"2024-05-27T11:56:49","date_gmt":"2024-05-27T10:56:49","guid":{"rendered":"https:\/\/www.realcolegio.pt\/?p=4803"},"modified":"2024-05-27T11:56:52","modified_gmt":"2024-05-27T10:56:52","slug":"interactive-and-inclusive-cultural-heritage-2","status":"publish","type":"post","link":"https:\/\/realcolegio.pt\/en\/2024\/05\/27\/interactive-and-inclusive-cultural-heritage-2\/","title":{"rendered":"Interactive and Inclusive Cultural\u00a0Heritage"},"content":{"rendered":"<figure class=\"wp-block-gallery aligncenter has-nested-images columns-default is-cropped wp-block-gallery-1 is-layout-flex wp-block-gallery-is-layout-flex\"><div class=\"wp-block-image\">\n<figure class=\"aligncenter size-large\"><img loading=\"lazy\" decoding=\"async\" width=\"1024\" height=\"577\" data-id=\"4799\" src=\"https:\/\/realcolegio.pt\/wp-content\/uploads\/2024\/05\/95d24bfa-19e4-4887-b321-de4d7e9b1a95-1024x577.jpg\" alt=\"INTERACTIVE AND INCLUSIVE CULTURE HERITAGE\" class=\"wp-image-4799\" srcset=\"https:\/\/realcolegio.pt\/wp-content\/uploads\/2024\/05\/95d24bfa-19e4-4887-b321-de4d7e9b1a95-980x552.jpg 980w, https:\/\/realcolegio.pt\/wp-content\/uploads\/2024\/05\/95d24bfa-19e4-4887-b321-de4d7e9b1a95-480x270.jpg 480w\" sizes=\"auto, (min-width: 0px) and (max-width: 480px) 480px, (min-width: 481px) and (max-width: 980px) 980px, (min-width: 981px) 1024px, 100vw\" \/><figcaption class=\"wp-element-caption\">INTERACTIVE AND INCLUSIVE CULTURE HERITAGE<\/figcaption><\/figure>\n<\/div><\/figure>\n\n\n\n<p><\/p>\n\n\n\n<div class=\"wp-block-columns is-layout-flex wp-container-core-columns-is-layout-9d6595d7 wp-block-columns-is-layout-flex\">\n<div class=\"wp-block-column is-layout-flow wp-block-column-is-layout-flow\" style=\"flex-basis:100%\">\n<h2 class=\"wp-block-heading\">Projeto Erasmus+<\/h2>\n<\/div>\n<\/div>\n\n\n\n<p>No dia 22 de maio, os alunos e alunas do 11.\u00ba A e B participaram numa atividade de dissemina\u00e7\u00e3o do projeto &#8220;Interactive and Inclusive Cultural&nbsp;Heritage&#8221;!<\/p>\n\n\n\n<p>Este \u00e9 um projeto que integra heran\u00e7a cultural, turismo, inclus\u00e3o e o uso de tecnologias para proporcionar experi\u00eancias de turismo inclusivo.<\/p>\n\n\n\n<p>O Projeto culminou com um evento colaborativo envolvendo alunos do 3.\u00ba ciclo do Col\u00e9gio Helen Keller e da Escola B\u00e1sica do Lumiar Lindley Cintra.<\/p>\n\n\n\n<p>Os alunos do RCP formaram equipas com os alunos das outras escolas que t\u00eam necessidades especiais orientando-os e assistindo-os nas atividades propostas.<\/p>\n\n\n\n<p>As atividades realizadas durante a manh\u00e3 foram uma visita guiada e adaptada ao Museu dos Coches, uma ca\u00e7a ao tesouro interativo em v\u00e1rios espa\u00e7os hist\u00f3ricos de Bel\u00e9m com a App \u201cAction Bound&#8221;, uma entrega de pr\u00e9mios \u00e0 equipa vencedora e \u00e0 escola parceira pela participa\u00e7\u00e3o na atividade e, por \u00faltimo, uma visita aos Past\u00e9is de Bel\u00e9m!<\/p>\n\n\n\n<p>O RCP tem orgulho em proporcionar aos seus alunos e alunas a participa\u00e7\u00e3o em projetos como o \u201cInteractive and Inclusive Cultural Heritage&#8221;.<\/p>","protected":false},"excerpt":{"rendered":"<p>Projeto Erasmus+ No dia 22 de maio, os alunos e alunas do 11.\u00ba A e B participaram numa atividade de dissemina\u00e7\u00e3o do projeto &#8220;Interactive and Inclusive Cultural&nbsp;Heritage&#8221;! Este \u00e9 um projeto que integra heran\u00e7a cultural, turismo, inclus\u00e3o e o uso de tecnologias para proporcionar experi\u00eancias de turismo inclusivo. O Projeto culminou com um evento colaborativo [&hellip;]<\/p>\n","protected":false},"author":2,"featured_media":4799,"comment_status":"closed","ping_status":"closed","sticky":false,"template":"","format":"standard","meta":{"_acf_changed":false,"_et_pb_use_builder":"on","_et_pb_old_content":"","_et_gb_content_width":"","footnotes":""},"categories":[1],"tags":[28,65,68,30,66,67,201,121],"class_list":["post-4803","post","type-post","status-publish","format-standard","has-post-thumbnail","hentry","category-noticia","tag-alunos","tag-aprendizagem","tag-aulas","tag-colegio","tag-educacao","tag-ensino","tag-greenlab","tag-juntos"],"acf":[],"_links":{"self":[{"href":"https:\/\/realcolegio.pt\/en\/wp-json\/wp\/v2\/posts\/4803","targetHints":{"allow":["GET"]}}],"collection":[{"href":"https:\/\/realcolegio.pt\/en\/wp-json\/wp\/v2\/posts"}],"about":[{"href":"https:\/\/realcolegio.pt\/en\/wp-json\/wp\/v2\/types\/post"}],"author":[{"embeddable":true,"href":"https:\/\/realcolegio.pt\/en\/wp-json\/wp\/v2\/users\/2"}],"replies":[{"embeddable":true,"href":"https:\/\/realcolegio.pt\/en\/wp-json\/wp\/v2\/comments?post=4803"}],"version-history":[{"count":1,"href":"https:\/\/realcolegio.pt\/en\/wp-json\/wp\/v2\/posts\/4803\/revisions"}],"predecessor-version":[{"id":4804,"href":"https:\/\/realcolegio.pt\/en\/wp-json\/wp\/v2\/posts\/4803\/revisions\/4804"}],"wp:featuredmedia":[{"embeddable":true,"href":"https:\/\/realcolegio.pt\/en\/wp-json\/wp\/v2\/media\/4799"}],"wp:attachment":[{"href":"https:\/\/realcolegio.pt\/en\/wp-json\/wp\/v2\/media?parent=4803"}],"wp:term":[{"taxonomy":"category","embeddable":true,"href":"https:\/\/realcolegio.pt\/en\/wp-json\/wp\/v2\/categories?post=4803"},{"taxonomy":"post_tag","embeddable":true,"href":"https:\/\/realcolegio.pt\/en\/wp-json\/wp\/v2\/tags?post=4803"}],"curies":[{"name":"wp","href":"https:\/\/api.w.org\/{rel}","templated":true}]}}