{"id":4713,"date":"2024-05-10T17:16:45","date_gmt":"2024-05-10T16:16:45","guid":{"rendered":"https:\/\/www.realcolegio.pt\/?p=4713"},"modified":"2024-05-10T17:16:47","modified_gmt":"2024-05-10T16:16:47","slug":"viii-mope","status":"publish","type":"post","link":"https:\/\/realcolegio.pt\/en\/2024\/05\/10\/viii-mope\/","title":{"rendered":"VIII MOPE"},"content":{"rendered":"<figure class=\"wp-block-gallery aligncenter has-nested-images columns-default is-cropped wp-block-gallery-1 is-layout-flex wp-block-gallery-is-layout-flex\"><div class=\"wp-block-image\">\n<figure class=\"aligncenter size-large\"><img loading=\"lazy\" decoding=\"async\" width=\"768\" height=\"1024\" data-id=\"4714\" src=\"https:\/\/realcolegio.pt\/wp-content\/uploads\/2024\/05\/0f7708ba-1f0a-4ebc-bbb9-209060babebf-768x1024.jpg\" alt=\"VIII MOPE\" class=\"wp-image-4714\"\/><figcaption class=\"wp-element-caption\">VIII MOPE<\/figcaption><\/figure>\n<\/div><\/figure>\n\n\n\n<p><\/p>\n\n\n\n<div class=\"wp-block-columns is-layout-flex wp-container-core-columns-is-layout-9d6595d7 wp-block-columns-is-layout-flex\">\n<div class=\"wp-block-column is-layout-flow wp-block-column-is-layout-flow\" style=\"flex-basis:100%\">\n<h2 class=\"wp-block-heading\">Mostra de Ofertas Profissionais e Educativas de Odivelas<\/h2>\n<\/div>\n<\/div>\n\n\n\n<p>O Real Col\u00e9gio de Portugal foi \u00e0 VIII MOPE no Pavilh\u00e3o Multiusos de Odivelas!<\/p>\n\n\n\n<p>Esta feira&nbsp;tem como principal miss\u00e3o facilitar o acesso da Comunidade Educativa de Odivelas \u00e0 oferta educativa existente na \u00c1rea Metropolitana de Lisboa.<\/p>\n\n\n\n<p>Desta forma, o Real Col\u00e9gio esteve presente mais um ano para dar a conhecer o Projeto Educativo.<\/p>\n\n\n\n<p>Esta foi a 8.\u00aa edi\u00e7\u00e3o desta iniciativa que tem mostrado aos visitantes a variedade de percursos educativos e profissionais, em diversos contextos, que correspondam \u00e0s necessidades de cada aluno e aluna.<\/p>\n\n\n\n<p>O tema deste ano \u00e9 \u201cLiberdade para Escolher\u201d que vai ao encontro da comemora\u00e7\u00e3o dos 50 anos do 25 de abril!<\/p>\n\n\n\n<p>O RCP tem muito orgulho em participar nestas atividades. Para o ano h\u00e1 mais!<\/p>","protected":false},"excerpt":{"rendered":"<p>Mostra de Ofertas Profissionais e Educativas de Odivelas O Real Col\u00e9gio de Portugal foi \u00e0 VIII MOPE no Pavilh\u00e3o Multiusos de Odivelas! Esta feira&nbsp;tem como principal miss\u00e3o facilitar o acesso da Comunidade Educativa de Odivelas \u00e0 oferta educativa existente na \u00c1rea Metropolitana de Lisboa. Desta forma, o Real Col\u00e9gio esteve presente mais um ano para [&hellip;]<\/p>\n","protected":false},"author":2,"featured_media":4714,"comment_status":"closed","ping_status":"closed","sticky":false,"template":"","format":"standard","meta":{"_acf_changed":false,"_et_pb_use_builder":"on","_et_pb_old_content":"","_et_gb_content_width":"","footnotes":""},"categories":[1],"tags":[28,65,68,30,66,67,201,121],"class_list":["post-4713","post","type-post","status-publish","format-standard","has-post-thumbnail","hentry","category-noticia","tag-alunos","tag-aprendizagem","tag-aulas","tag-colegio","tag-educacao","tag-ensino","tag-greenlab","tag-juntos"],"acf":[],"_links":{"self":[{"href":"https:\/\/realcolegio.pt\/en\/wp-json\/wp\/v2\/posts\/4713","targetHints":{"allow":["GET"]}}],"collection":[{"href":"https:\/\/realcolegio.pt\/en\/wp-json\/wp\/v2\/posts"}],"about":[{"href":"https:\/\/realcolegio.pt\/en\/wp-json\/wp\/v2\/types\/post"}],"author":[{"embeddable":true,"href":"https:\/\/realcolegio.pt\/en\/wp-json\/wp\/v2\/users\/2"}],"replies":[{"embeddable":true,"href":"https:\/\/realcolegio.pt\/en\/wp-json\/wp\/v2\/comments?post=4713"}],"version-history":[{"count":1,"href":"https:\/\/realcolegio.pt\/en\/wp-json\/wp\/v2\/posts\/4713\/revisions"}],"predecessor-version":[{"id":4715,"href":"https:\/\/realcolegio.pt\/en\/wp-json\/wp\/v2\/posts\/4713\/revisions\/4715"}],"wp:featuredmedia":[{"embeddable":true,"href":"https:\/\/realcolegio.pt\/en\/wp-json\/wp\/v2\/media\/4714"}],"wp:attachment":[{"href":"https:\/\/realcolegio.pt\/en\/wp-json\/wp\/v2\/media?parent=4713"}],"wp:term":[{"taxonomy":"category","embeddable":true,"href":"https:\/\/realcolegio.pt\/en\/wp-json\/wp\/v2\/categories?post=4713"},{"taxonomy":"post_tag","embeddable":true,"href":"https:\/\/realcolegio.pt\/en\/wp-json\/wp\/v2\/tags?post=4713"}],"curies":[{"name":"wp","href":"https:\/\/api.w.org\/{rel}","templated":true}]}}