{"id":4634,"date":"2024-04-26T16:31:33","date_gmt":"2024-04-26T15:31:33","guid":{"rendered":"https:\/\/www.realcolegio.pt\/?p=4634"},"modified":"2024-04-26T16:31:36","modified_gmt":"2024-04-26T15:31:36","slug":"a-menina-da-cabeca-quadrada-de-emilia-nunez","status":"publish","type":"post","link":"https:\/\/realcolegio.pt\/en\/2024\/04\/26\/a-menina-da-cabeca-quadrada-de-emilia-nunez\/","title":{"rendered":"&#8220;A Menina da Cabe\u00e7a Quadrada&#8221; de Em\u00edlia Nu\u00f1ez"},"content":{"rendered":"<figure class=\"wp-block-gallery aligncenter has-nested-images columns-default is-cropped wp-block-gallery-1 is-layout-flex wp-block-gallery-is-layout-flex\"><div class=\"wp-block-image\">\n<figure class=\"aligncenter size-large\"><img loading=\"lazy\" decoding=\"async\" width=\"768\" height=\"1024\" data-id=\"4628\" src=\"https:\/\/realcolegio.pt\/wp-content\/uploads\/2024\/04\/0c357dbc-fc3d-488f-876b-76d2e048c0a5-768x1024.jpg\" alt=\"Encontro de Autor - Em\u00edlia Nu\u00f1ez - &quot;A Menina da Cabe\u00e7a Quadrada&quot;\" class=\"wp-image-4628\"\/><figcaption class=\"wp-element-caption\">Encontro de Autor &#8211; Em\u00edlia Nu\u00f1ez &#8211; &#8220;A Menina da Cabe\u00e7a Quadrada&#8221;<\/figcaption><\/figure>\n<\/div><\/figure>\n\n\n\n<p><\/p>\n\n\n\n<div class=\"wp-block-columns is-layout-flex wp-container-core-columns-is-layout-9d6595d7 wp-block-columns-is-layout-flex\">\n<div class=\"wp-block-column is-layout-flow wp-block-column-is-layout-flow\" style=\"flex-basis:100%\">\n<h2 class=\"wp-block-heading\">Encontro de Autor<\/h2>\n<\/div>\n<\/div>\n\n\n\n<p>No passado dia 13 de abril tivemos um Encontro com a Autora Em\u00edlia Nu\u00f1ez para a apresenta\u00e7\u00e3o do livro \u201cA Menina da Cabe\u00e7a Quadrada\u201d!<\/p>\n\n\n\n<p>A ideia principal deste livro foca-se nas crian\u00e7as da Era Digital e conta a hist\u00f3ria de uma menina que de tanto utilizar o telem\u00f3vel, o tablet e a televis\u00e3o acordou um dia com a cabe\u00e7a quadrada.<\/p>\n\n\n\n<p>Esta hist\u00f3ria quer cativar as crian\u00e7as desta era digital a descobrir o prazer das brincadeiras tradicionais e, tamb\u00e9m, para ajudar os pais na aventura de educar esta nova gera\u00e7\u00e3o.<\/p>\n\n\n\n<p>A apresenta\u00e7\u00e3o contou com muitos momentos din\u00e2micos e divertidos!<\/p>\n\n\n\n<p>O RCP agradece a vinda da autora e a sua generosidade em partilhar a sua hist\u00f3ria com os alunos e Encarregados de Educa\u00e7\u00e3o que estiveram presentes!<\/p>","protected":false},"excerpt":{"rendered":"<p>Encontro de Autor No passado dia 13 de abril tivemos um Encontro com a Autora Em\u00edlia Nu\u00f1ez para a apresenta\u00e7\u00e3o do livro \u201cA Menina da Cabe\u00e7a Quadrada\u201d! A ideia principal deste livro foca-se nas crian\u00e7as da Era Digital e conta a hist\u00f3ria de uma menina que de tanto utilizar o telem\u00f3vel, o tablet e a [&hellip;]<\/p>\n","protected":false},"author":2,"featured_media":4628,"comment_status":"closed","ping_status":"closed","sticky":false,"template":"","format":"standard","meta":{"_acf_changed":false,"_et_pb_use_builder":"on","_et_pb_old_content":"","_et_gb_content_width":"","footnotes":""},"categories":[1],"tags":[28,65,68,30,66,67,201,121],"class_list":["post-4634","post","type-post","status-publish","format-standard","has-post-thumbnail","hentry","category-noticia","tag-alunos","tag-aprendizagem","tag-aulas","tag-colegio","tag-educacao","tag-ensino","tag-greenlab","tag-juntos"],"acf":[],"_links":{"self":[{"href":"https:\/\/realcolegio.pt\/en\/wp-json\/wp\/v2\/posts\/4634","targetHints":{"allow":["GET"]}}],"collection":[{"href":"https:\/\/realcolegio.pt\/en\/wp-json\/wp\/v2\/posts"}],"about":[{"href":"https:\/\/realcolegio.pt\/en\/wp-json\/wp\/v2\/types\/post"}],"author":[{"embeddable":true,"href":"https:\/\/realcolegio.pt\/en\/wp-json\/wp\/v2\/users\/2"}],"replies":[{"embeddable":true,"href":"https:\/\/realcolegio.pt\/en\/wp-json\/wp\/v2\/comments?post=4634"}],"version-history":[{"count":1,"href":"https:\/\/realcolegio.pt\/en\/wp-json\/wp\/v2\/posts\/4634\/revisions"}],"predecessor-version":[{"id":4635,"href":"https:\/\/realcolegio.pt\/en\/wp-json\/wp\/v2\/posts\/4634\/revisions\/4635"}],"wp:featuredmedia":[{"embeddable":true,"href":"https:\/\/realcolegio.pt\/en\/wp-json\/wp\/v2\/media\/4628"}],"wp:attachment":[{"href":"https:\/\/realcolegio.pt\/en\/wp-json\/wp\/v2\/media?parent=4634"}],"wp:term":[{"taxonomy":"category","embeddable":true,"href":"https:\/\/realcolegio.pt\/en\/wp-json\/wp\/v2\/categories?post=4634"},{"taxonomy":"post_tag","embeddable":true,"href":"https:\/\/realcolegio.pt\/en\/wp-json\/wp\/v2\/tags?post=4634"}],"curies":[{"name":"wp","href":"https:\/\/api.w.org\/{rel}","templated":true}]}}