{"id":4578,"date":"2024-04-05T17:41:11","date_gmt":"2024-04-05T16:41:11","guid":{"rendered":"https:\/\/www.realcolegio.pt\/?p=4578"},"modified":"2024-04-05T17:41:13","modified_gmt":"2024-04-05T16:41:13","slug":"consciencializacao-do-autismo","status":"publish","type":"post","link":"https:\/\/realcolegio.pt\/en\/2024\/04\/05\/consciencializacao-do-autismo\/","title":{"rendered":"Consciencializa\u00e7\u00e3o do Autismo"},"content":{"rendered":"<figure class=\"wp-block-gallery aligncenter has-nested-images columns-default is-cropped wp-block-gallery-1 is-layout-flex wp-block-gallery-is-layout-flex\"><div class=\"wp-block-image\">\n<figure class=\"aligncenter size-large\"><img loading=\"lazy\" decoding=\"async\" width=\"1024\" height=\"768\" data-id=\"4579\" src=\"https:\/\/realcolegio.pt\/wp-content\/uploads\/2024\/04\/IMG_8552-1024x768.jpg\" alt=\"Consciencializa\u00e7\u00e3o do Autismo\" class=\"wp-image-4579\" srcset=\"https:\/\/realcolegio.pt\/wp-content\/uploads\/2024\/04\/IMG_8552-1024x768.jpg 1024w, https:\/\/realcolegio.pt\/wp-content\/uploads\/2024\/04\/IMG_8552-300x225.jpg 300w, https:\/\/realcolegio.pt\/wp-content\/uploads\/2024\/04\/IMG_8552-768x576.jpg 768w, https:\/\/realcolegio.pt\/wp-content\/uploads\/2024\/04\/IMG_8552-1536x1152.jpg 1536w, https:\/\/realcolegio.pt\/wp-content\/uploads\/2024\/04\/IMG_8552-2048x1536.jpg 2048w, https:\/\/realcolegio.pt\/wp-content\/uploads\/2024\/04\/IMG_8552-16x12.jpg 16w, https:\/\/realcolegio.pt\/wp-content\/uploads\/2024\/04\/IMG_8552-510x382.jpg 510w, https:\/\/realcolegio.pt\/wp-content\/uploads\/2024\/04\/IMG_8552-1080x810.jpg 1080w, https:\/\/realcolegio.pt\/wp-content\/uploads\/2024\/04\/IMG_8552-1280x960.jpg 1280w, https:\/\/realcolegio.pt\/wp-content\/uploads\/2024\/04\/IMG_8552-980x735.jpg 980w, https:\/\/realcolegio.pt\/wp-content\/uploads\/2024\/04\/IMG_8552-480x360.jpg 480w\" sizes=\"auto, (max-width: 1024px) 100vw, 1024px\" \/><figcaption class=\"wp-element-caption\">Consciencializa\u00e7\u00e3o do Autismo<\/figcaption><\/figure>\n<\/div><\/figure>\n\n\n\n<p><\/p>\n\n\n\n<div class=\"wp-block-columns is-layout-flex wp-container-core-columns-is-layout-9d6595d7 wp-block-columns-is-layout-flex\">\n<div class=\"wp-block-column is-layout-flow wp-block-column-is-layout-flow\" style=\"flex-basis:100%\">\n<h2 class=\"wp-block-heading\">2 de abril<\/h2>\n<\/div>\n<\/div>\n\n\n\n<p>No dia 2 de abril assinala-se o Dia Mundial da Consciencializa\u00e7\u00e3o do Autismo. Este dia foi criado atrav\u00e9s de uma resolu\u00e7\u00e3o da Assembleia Geral da Organiza\u00e7\u00e3o&nbsp;das Na\u00e7\u00f5es Unidas, a 18 de dezembro de 2007.<\/p>\n\n\n\n<p>O objetivo deste dia \u00e9 consciencializar os cidad\u00e3os para esta condi\u00e7\u00e3o e incentivar \u00e0 inclus\u00e3o das pessoas com autismo na sociedade.<\/p>\n\n\n\n<p>Acreditamos que a diferen\u00e7a importa e que deve ser respeitada por todos, fazendo-nos evoluir em conjunto.<\/p>\n\n\n\n<p>No col\u00e9gio tamb\u00e9m quisemos assinalar este dia t\u00e3o importante.<\/p>\n\n\n\n<p>Decidimos representar a diversidade de cores que diz respeito \u00e0 diversidade de pessoas e fam\u00edlias que convivem com a perturba\u00e7\u00e3o!<\/p>\n\n\n\n<p>O RCP \u00e9 um col\u00e9gio com v\u00e1rios valores e um deles \u00e9 a inclus\u00e3o. Trabalhamos com o compromisso de reconhecer, respeitar e valorizar a diferen\u00e7a de cada um!<\/p>","protected":false},"excerpt":{"rendered":"<p>2 de abril No dia 2 de abril assinala-se o Dia Mundial da Consciencializa\u00e7\u00e3o do Autismo. Este dia foi criado atrav\u00e9s de uma resolu\u00e7\u00e3o da Assembleia Geral da Organiza\u00e7\u00e3o&nbsp;das Na\u00e7\u00f5es Unidas, a 18 de dezembro de 2007. O objetivo deste dia \u00e9 consciencializar os cidad\u00e3os para esta condi\u00e7\u00e3o e incentivar \u00e0 inclus\u00e3o das pessoas com [&hellip;]<\/p>\n","protected":false},"author":2,"featured_media":4579,"comment_status":"closed","ping_status":"closed","sticky":false,"template":"","format":"standard","meta":{"_acf_changed":false,"_et_pb_use_builder":"on","_et_pb_old_content":"","_et_gb_content_width":"","footnotes":""},"categories":[1],"tags":[28,65,68,30,66,67,201,121],"class_list":["post-4578","post","type-post","status-publish","format-standard","has-post-thumbnail","hentry","category-noticia","tag-alunos","tag-aprendizagem","tag-aulas","tag-colegio","tag-educacao","tag-ensino","tag-greenlab","tag-juntos"],"acf":[],"_links":{"self":[{"href":"https:\/\/realcolegio.pt\/en\/wp-json\/wp\/v2\/posts\/4578","targetHints":{"allow":["GET"]}}],"collection":[{"href":"https:\/\/realcolegio.pt\/en\/wp-json\/wp\/v2\/posts"}],"about":[{"href":"https:\/\/realcolegio.pt\/en\/wp-json\/wp\/v2\/types\/post"}],"author":[{"embeddable":true,"href":"https:\/\/realcolegio.pt\/en\/wp-json\/wp\/v2\/users\/2"}],"replies":[{"embeddable":true,"href":"https:\/\/realcolegio.pt\/en\/wp-json\/wp\/v2\/comments?post=4578"}],"version-history":[{"count":1,"href":"https:\/\/realcolegio.pt\/en\/wp-json\/wp\/v2\/posts\/4578\/revisions"}],"predecessor-version":[{"id":4580,"href":"https:\/\/realcolegio.pt\/en\/wp-json\/wp\/v2\/posts\/4578\/revisions\/4580"}],"wp:featuredmedia":[{"embeddable":true,"href":"https:\/\/realcolegio.pt\/en\/wp-json\/wp\/v2\/media\/4579"}],"wp:attachment":[{"href":"https:\/\/realcolegio.pt\/en\/wp-json\/wp\/v2\/media?parent=4578"}],"wp:term":[{"taxonomy":"category","embeddable":true,"href":"https:\/\/realcolegio.pt\/en\/wp-json\/wp\/v2\/categories?post=4578"},{"taxonomy":"post_tag","embeddable":true,"href":"https:\/\/realcolegio.pt\/en\/wp-json\/wp\/v2\/tags?post=4578"}],"curies":[{"name":"wp","href":"https:\/\/api.w.org\/{rel}","templated":true}]}}