{"id":4543,"date":"2024-03-22T12:20:08","date_gmt":"2024-03-22T12:20:08","guid":{"rendered":"https:\/\/www.realcolegio.pt\/?p=4543"},"modified":"2024-03-22T12:20:11","modified_gmt":"2024-03-22T12:20:11","slug":"programa-erasmus-5","status":"publish","type":"post","link":"https:\/\/realcolegio.pt\/en\/2024\/03\/22\/programa-erasmus-5\/","title":{"rendered":"Programa Erasmus+"},"content":{"rendered":"<figure class=\"wp-block-gallery aligncenter has-nested-images columns-default is-cropped wp-block-gallery-1 is-layout-flex wp-block-gallery-is-layout-flex\"><div class=\"wp-block-image\">\n<figure class=\"aligncenter size-large\"><img loading=\"lazy\" decoding=\"async\" width=\"1024\" height=\"768\" data-id=\"4538\" src=\"https:\/\/realcolegio.pt\/wp-content\/uploads\/2024\/03\/5d3e398b-1658-499b-a6b1-070f482ae8f6-1024x768.jpg\" alt=\"Programa Erasmus+ Let\u00f3nia\" class=\"wp-image-4538\" srcset=\"https:\/\/realcolegio.pt\/wp-content\/uploads\/2024\/03\/5d3e398b-1658-499b-a6b1-070f482ae8f6-980x735.jpg 980w, https:\/\/realcolegio.pt\/wp-content\/uploads\/2024\/03\/5d3e398b-1658-499b-a6b1-070f482ae8f6-480x360.jpg 480w\" sizes=\"auto, (min-width: 0px) and (max-width: 480px) 480px, (min-width: 481px) and (max-width: 980px) 980px, (min-width: 981px) 1024px, 100vw\" \/><figcaption class=\"wp-element-caption\">Programa Erasmus+ Let\u00f3nia<\/figcaption><\/figure>\n<\/div><\/figure>\n\n\n\n<p><\/p>\n\n\n\n<div class=\"wp-block-columns is-layout-flex wp-container-core-columns-is-layout-9d6595d7 wp-block-columns-is-layout-flex\">\n<div class=\"wp-block-column is-layout-flow wp-block-column-is-layout-flow\" style=\"flex-basis:100%\">\n<h2 class=\"wp-block-heading\">Parceiros da Let\u00f3nia<\/h2>\n<\/div>\n<\/div>\n\n\n\n<p>Durante a semana passada, os nossos parceiros da Let\u00f3nia estiveram no RCP, no \u00e2mbito do Programa Erasmus+.<\/p>\n\n\n\n<p>Foi uma semana com diversas atividades que deram a conhecer o nosso col\u00e9gio e a saber mais sobre toda a nossa identidade. Tamb\u00e9m foi poss\u00edvel mostrar-lhes um pouco da cultura portuguesa!<\/p>\n\n\n\n<p>Foram realizadas v\u00e1rias atividades em conjunto com o grupo visitantes, como por exemplo uma aula de Ingl\u00eas dos nossos mais pequenos, a produ\u00e7\u00e3o de bolinhos t\u00edpicos chineses e a cria\u00e7\u00e3o de um mural.<\/p>\n\n\n\n<p>O programa pretende consciencializar para a diversidade de culturas europeias, incentivar ao di\u00e1logo inter-religioso e \u00e0 coopera\u00e7\u00e3o, impulsionando o recurso \u00e0 digitaliza\u00e7\u00e3o e a uma economia plenamente verde.<\/p>\n\n\n\n<p>Esperamos que os nossos parceiros tenham adorado tanto quanto n\u00f3s ador\u00e1mos receb\u00ea-los!<\/p>","protected":false},"excerpt":{"rendered":"<p>Parceiros da Let\u00f3nia Durante a semana passada, os nossos parceiros da Let\u00f3nia estiveram no RCP, no \u00e2mbito do Programa Erasmus+. Foi uma semana com diversas atividades que deram a conhecer o nosso col\u00e9gio e a saber mais sobre toda a nossa identidade. Tamb\u00e9m foi poss\u00edvel mostrar-lhes um pouco da cultura portuguesa! Foram realizadas v\u00e1rias atividades [&hellip;]<\/p>\n","protected":false},"author":2,"featured_media":4538,"comment_status":"closed","ping_status":"closed","sticky":false,"template":"","format":"standard","meta":{"_acf_changed":false,"_et_pb_use_builder":"on","_et_pb_old_content":"","_et_gb_content_width":"","footnotes":""},"categories":[1],"tags":[28,65,68,30,66,67,201,121],"class_list":["post-4543","post","type-post","status-publish","format-standard","has-post-thumbnail","hentry","category-noticia","tag-alunos","tag-aprendizagem","tag-aulas","tag-colegio","tag-educacao","tag-ensino","tag-greenlab","tag-juntos"],"acf":[],"_links":{"self":[{"href":"https:\/\/realcolegio.pt\/en\/wp-json\/wp\/v2\/posts\/4543","targetHints":{"allow":["GET"]}}],"collection":[{"href":"https:\/\/realcolegio.pt\/en\/wp-json\/wp\/v2\/posts"}],"about":[{"href":"https:\/\/realcolegio.pt\/en\/wp-json\/wp\/v2\/types\/post"}],"author":[{"embeddable":true,"href":"https:\/\/realcolegio.pt\/en\/wp-json\/wp\/v2\/users\/2"}],"replies":[{"embeddable":true,"href":"https:\/\/realcolegio.pt\/en\/wp-json\/wp\/v2\/comments?post=4543"}],"version-history":[{"count":1,"href":"https:\/\/realcolegio.pt\/en\/wp-json\/wp\/v2\/posts\/4543\/revisions"}],"predecessor-version":[{"id":4544,"href":"https:\/\/realcolegio.pt\/en\/wp-json\/wp\/v2\/posts\/4543\/revisions\/4544"}],"wp:featuredmedia":[{"embeddable":true,"href":"https:\/\/realcolegio.pt\/en\/wp-json\/wp\/v2\/media\/4538"}],"wp:attachment":[{"href":"https:\/\/realcolegio.pt\/en\/wp-json\/wp\/v2\/media?parent=4543"}],"wp:term":[{"taxonomy":"category","embeddable":true,"href":"https:\/\/realcolegio.pt\/en\/wp-json\/wp\/v2\/categories?post=4543"},{"taxonomy":"post_tag","embeddable":true,"href":"https:\/\/realcolegio.pt\/en\/wp-json\/wp\/v2\/tags?post=4543"}],"curies":[{"name":"wp","href":"https:\/\/api.w.org\/{rel}","templated":true}]}}