{"id":4151,"date":"2023-12-03T22:37:32","date_gmt":"2023-12-03T22:37:32","guid":{"rendered":"https:\/\/www.realcolegio.pt\/?p=4151"},"modified":"2023-12-05T20:38:15","modified_gmt":"2023-12-05T20:38:15","slug":"inclusao-educacao-e-respeito","status":"publish","type":"post","link":"https:\/\/realcolegio.pt\/en\/2023\/12\/03\/inclusao-educacao-e-respeito\/","title":{"rendered":"<strong>Inclus\u00e3o, Educa\u00e7\u00e3o e Respeito<\/strong>"},"content":{"rendered":"<figure class=\"wp-block-gallery aligncenter has-nested-images columns-default is-cropped wp-block-gallery-1 is-layout-flex wp-block-gallery-is-layout-flex\"><div class=\"wp-block-image\">\n<figure class=\"aligncenter size-full\"><img loading=\"lazy\" decoding=\"async\" width=\"364\" height=\"364\" data-id=\"4152\" src=\"https:\/\/realcolegio.pt\/wp-content\/uploads\/2023\/12\/Imagem1-2.png\" alt=\"Inclus\u00e3o\" class=\"wp-image-4152\" srcset=\"https:\/\/realcolegio.pt\/wp-content\/uploads\/2023\/12\/Imagem1-2.png 364w, https:\/\/realcolegio.pt\/wp-content\/uploads\/2023\/12\/Imagem1-2-300x300.png 300w, https:\/\/realcolegio.pt\/wp-content\/uploads\/2023\/12\/Imagem1-2-150x150.png 150w, https:\/\/realcolegio.pt\/wp-content\/uploads\/2023\/12\/Imagem1-2-12x12.png 12w\" sizes=\"auto, (max-width: 364px) 100vw, 364px\" \/><figcaption class=\"wp-element-caption\">Inclus\u00e3o<\/figcaption><\/figure>\n<\/div><\/figure>\n\n\n\n<p><\/p>\n\n\n\n<div class=\"wp-block-columns is-layout-flex wp-container-core-columns-is-layout-9d6595d7 wp-block-columns-is-layout-flex\">\n<div class=\"wp-block-column is-layout-flow wp-block-column-is-layout-flow\" style=\"flex-basis:100%\">\n<h2 class=\"wp-block-heading\"><strong>VIII Semin\u00e1rio Equidade e Inclus\u00e3o<\/strong><\/h2>\n<\/div>\n<\/div>\n\n\n\n<p>O VIII Semin\u00e1rio Equidade e Inclus\u00e3o \u2013 Unidade na Diversidade: Diversidade, Equidade e Celebra\u00e7\u00e3o Inclusiva atrav\u00e9s de projetos Erasmus+, promovido pela Ag\u00eancia Nacional Erasmus+ Educa\u00e7\u00e3o e Forma\u00e7\u00e3o decorreu no passado dia 22 de novembro.<\/p>\n\n\n\n<p>Este programa \u00e9 bastante importante para o col\u00e9gio, pois somos uma escola pioneira na inclus\u00e3o, uma vez que aceitamos todos os alunos. Para n\u00f3s \u201cnenhuma crian\u00e7a \u00e9 deixada para tr\u00e1s\u201d.<\/p>\n\n\n\n<p>Ao longo de todo este tempo, a nossa escola pautou por oferecer as mesmas condi\u00e7\u00f5es de ensino a todos os alunos, independentemente das suas necessidades educativas.<\/p>\n\n\n\n<p>O Real Col\u00e9gio apresenta uma oferta curricular que se adapta \u00e0s necessidades individuais de cada aluno, por isso, estes projetos s\u00e3o muito importantes para que possamos continuar a oferecer uma melhor educa\u00e7\u00e3o e mais inclusiva, onde todos podem fazer parte e s\u00e3o iguais!<\/p>\n\n\n\n<p>Neste semin\u00e1rio esteve presente as nossa Diretora Pedag\u00f3gica, Dra. Sandra Cunha, sobre Equidade e Inclus\u00e3o.<\/p>\n\n\n\n<p>Continuamos a apostar na Diversidade num Ensino Para Todos!<\/p>","protected":false},"excerpt":{"rendered":"<p>VIII Semin\u00e1rio Equidade e Inclus\u00e3o O VIII Semin\u00e1rio Equidade e Inclus\u00e3o \u2013 Unidade na Diversidade: Diversidade, Equidade e Celebra\u00e7\u00e3o Inclusiva atrav\u00e9s de projetos Erasmus+, promovido pela Ag\u00eancia Nacional Erasmus+ Educa\u00e7\u00e3o [&hellip;]<\/p>\n","protected":false},"author":2,"featured_media":4152,"comment_status":"closed","ping_status":"closed","sticky":false,"template":"","format":"standard","meta":{"_acf_changed":false,"_et_pb_use_builder":"on","_et_pb_old_content":"","_et_gb_content_width":"","footnotes":""},"categories":[1],"tags":[28,65,68,30,66,67,198,121,199],"class_list":["post-4151","post","type-post","status-publish","format-standard","has-post-thumbnail","hentry","category-noticia","tag-alunos","tag-aprendizagem","tag-aulas","tag-colegio","tag-educacao","tag-ensino","tag-inclusao","tag-juntos","tag-seminario"],"acf":[],"_links":{"self":[{"href":"https:\/\/realcolegio.pt\/en\/wp-json\/wp\/v2\/posts\/4151","targetHints":{"allow":["GET"]}}],"collection":[{"href":"https:\/\/realcolegio.pt\/en\/wp-json\/wp\/v2\/posts"}],"about":[{"href":"https:\/\/realcolegio.pt\/en\/wp-json\/wp\/v2\/types\/post"}],"author":[{"embeddable":true,"href":"https:\/\/realcolegio.pt\/en\/wp-json\/wp\/v2\/users\/2"}],"replies":[{"embeddable":true,"href":"https:\/\/realcolegio.pt\/en\/wp-json\/wp\/v2\/comments?post=4151"}],"version-history":[{"count":2,"href":"https:\/\/realcolegio.pt\/en\/wp-json\/wp\/v2\/posts\/4151\/revisions"}],"predecessor-version":[{"id":4168,"href":"https:\/\/realcolegio.pt\/en\/wp-json\/wp\/v2\/posts\/4151\/revisions\/4168"}],"wp:featuredmedia":[{"embeddable":true,"href":"https:\/\/realcolegio.pt\/en\/wp-json\/wp\/v2\/media\/4152"}],"wp:attachment":[{"href":"https:\/\/realcolegio.pt\/en\/wp-json\/wp\/v2\/media?parent=4151"}],"wp:term":[{"taxonomy":"category","embeddable":true,"href":"https:\/\/realcolegio.pt\/en\/wp-json\/wp\/v2\/categories?post=4151"},{"taxonomy":"post_tag","embeddable":true,"href":"https:\/\/realcolegio.pt\/en\/wp-json\/wp\/v2\/tags?post=4151"}],"curies":[{"name":"wp","href":"https:\/\/api.w.org\/{rel}","templated":true}]}}