{"id":4103,"date":"2023-11-24T19:05:59","date_gmt":"2023-11-24T19:05:59","guid":{"rendered":"https:\/\/www.realcolegio.pt\/?p=4103"},"modified":"2023-11-24T19:06:02","modified_gmt":"2023-11-24T19:06:02","slug":"juntos-por-uma-causa-2","status":"publish","type":"post","link":"https:\/\/realcolegio.pt\/en\/2023\/11\/24\/juntos-por-uma-causa-2\/","title":{"rendered":"<strong>Juntos por uma causa!<\/strong>"},"content":{"rendered":"<figure class=\"wp-block-gallery aligncenter has-nested-images columns-default is-cropped wp-block-gallery-1 is-layout-flex wp-block-gallery-is-layout-flex\"><div class=\"wp-block-image\">\n<figure class=\"aligncenter size-large\"><img loading=\"lazy\" decoding=\"async\" width=\"1024\" height=\"1024\" data-id=\"4104\" src=\"https:\/\/realcolegio.pt\/wp-content\/uploads\/2023\/11\/1-1024x1024.jpg\" alt=\"Dia do Pijama\" class=\"wp-image-4104\" srcset=\"https:\/\/realcolegio.pt\/wp-content\/uploads\/2023\/11\/1-1024x1024.jpg 1024w, https:\/\/realcolegio.pt\/wp-content\/uploads\/2023\/11\/1-980x980.jpg 980w, https:\/\/realcolegio.pt\/wp-content\/uploads\/2023\/11\/1-480x480.jpg 480w\" sizes=\"auto, (min-width: 0px) and (max-width: 480px) 480px, (min-width: 481px) and (max-width: 980px) 980px, (min-width: 981px) 1024px, 100vw\" \/><figcaption class=\"wp-element-caption\">Dia do Pijama<\/figcaption><\/figure>\n<\/div><\/figure>\n\n\n\n<p><\/p>\n\n\n\n<div class=\"wp-block-columns is-layout-flex wp-container-core-columns-is-layout-9d6595d7 wp-block-columns-is-layout-flex\">\n<div class=\"wp-block-column is-layout-flow wp-block-column-is-layout-flow\"><div class=\"wp-block-image\">\n<figure class=\"aligncenter size-full\"><img loading=\"lazy\" decoding=\"async\" width=\"1024\" height=\"768\" src=\"https:\/\/realcolegio.pt\/wp-content\/uploads\/2023\/10\/WhatsApp-Image-2023-10-02-at-17.51.30.jpeg\" alt=\"\" class=\"wp-image-3962\" title=\"Atvidades Extracurriculares\" srcset=\"https:\/\/realcolegio.pt\/wp-content\/uploads\/2023\/10\/WhatsApp-Image-2023-10-02-at-17.51.30.jpeg 1024w, https:\/\/realcolegio.pt\/wp-content\/uploads\/2023\/10\/WhatsApp-Image-2023-10-02-at-17.51.30-980x735.jpeg 980w, https:\/\/realcolegio.pt\/wp-content\/uploads\/2023\/10\/WhatsApp-Image-2023-10-02-at-17.51.30-480x360.jpeg 480w\" sizes=\"auto, (min-width: 0px) and (max-width: 480px) 480px, (min-width: 481px) and (max-width: 980px) 980px, (min-width: 981px) 1024px, 100vw\" \/><\/figure>\n<\/div><\/div>\n\n\n\n<div class=\"wp-block-column is-layout-flow wp-block-column-is-layout-flow\" style=\"flex-basis:100%\">\n<h2 class=\"wp-block-heading\">Dia do Pijama<\/h2>\n<\/div>\n\n\n\n<div class=\"wp-block-column is-layout-flow wp-block-column-is-layout-flow\" style=\"flex-basis:100%\">\n<p><\/p>\n<\/div>\n<\/div>\n\n\n\n<p>Na segunda-feira passada, dia 20 de novembro, realiz\u00e1mos o Dia do Pijama. O Real Col\u00e9gio de Portugal participou neste dia solid\u00e1rio relativo \u00e0 Miss\u00e3o Pijama, data que coincide com o Dia da Conven\u00e7\u00e3o Internacional dos Direitos da Crian\u00e7a.<\/p>\n\n\n\n<p>Este dia tem como objetivo ajudar as crian\u00e7as que n\u00e3o t\u00eam fam\u00edlia.<\/p>\n\n\n\n<p>Os nossos alunos e alunas aceitaram o desafio e vieram vestidos com os seus Pijamas para realizarem atividades divertidas e educativas. Criaram uma casa de papel que serviu como mealheiro para colocar o dinheiro que podiam doar \u00e0s crian\u00e7as sem fam\u00edlia.<\/p>\n\n\n\n<p>Infelizmente, o n\u00famero de crian\u00e7as em Portugal que vivem sem a pr\u00f3pria fam\u00edlia \u00e9 muito alto e dessa forma o Real Col\u00e9gio de Portugal tenciona participar nesta iniciativa todos os anos.<\/p>\n\n\n\n<p>Foi incutido \u00e0s crian\u00e7as a mensagem principal desta Miss\u00e3o: \u201ctodas as crian\u00e7as t\u00eam direito a crescer numa fam\u00edlia\u201d, e tudo faremos para ajudar estas crian\u00e7as.<\/p>\n\n\n\n<p>No total foram recolhidos quase 700\u20ac para serem doados \u00e0 Institui\u00e7\u00e3o Mundos de Vida.<\/p>","protected":false},"excerpt":{"rendered":"<p>Dia do Pijama Na segunda-feira passada, dia 20 de novembro, realiz\u00e1mos o Dia do Pijama. O Real Col\u00e9gio de Portugal participou neste dia solid\u00e1rio relativo \u00e0 Miss\u00e3o Pijama, data que coincide com o Dia da Conven\u00e7\u00e3o Internacional dos Direitos da Crian\u00e7a. Este dia tem como objetivo ajudar as crian\u00e7as que n\u00e3o t\u00eam fam\u00edlia. Os nossos [&hellip;]<\/p>\n","protected":false},"author":2,"featured_media":4104,"comment_status":"closed","ping_status":"closed","sticky":false,"template":"","format":"standard","meta":{"_acf_changed":false,"_et_pb_use_builder":"on","_et_pb_old_content":"","_et_gb_content_width":"","footnotes":""},"categories":[1],"tags":[197,28,124,65,194,68,30,66,67,195,196,121,94],"class_list":["post-4103","post","type-post","status-publish","format-standard","has-post-thumbnail","hentry","category-noticia","tag-acompanhamento","tag-alunos","tag-apoio","tag-aprendizagem","tag-auladigital","tag-aulas","tag-colegio","tag-educacao","tag-ensino","tag-estudo","tag-ferramenta","tag-juntos","tag-tecnologias"],"acf":[],"_links":{"self":[{"href":"https:\/\/realcolegio.pt\/en\/wp-json\/wp\/v2\/posts\/4103","targetHints":{"allow":["GET"]}}],"collection":[{"href":"https:\/\/realcolegio.pt\/en\/wp-json\/wp\/v2\/posts"}],"about":[{"href":"https:\/\/realcolegio.pt\/en\/wp-json\/wp\/v2\/types\/post"}],"author":[{"embeddable":true,"href":"https:\/\/realcolegio.pt\/en\/wp-json\/wp\/v2\/users\/2"}],"replies":[{"embeddable":true,"href":"https:\/\/realcolegio.pt\/en\/wp-json\/wp\/v2\/comments?post=4103"}],"version-history":[{"count":1,"href":"https:\/\/realcolegio.pt\/en\/wp-json\/wp\/v2\/posts\/4103\/revisions"}],"predecessor-version":[{"id":4105,"href":"https:\/\/realcolegio.pt\/en\/wp-json\/wp\/v2\/posts\/4103\/revisions\/4105"}],"wp:featuredmedia":[{"embeddable":true,"href":"https:\/\/realcolegio.pt\/en\/wp-json\/wp\/v2\/media\/4104"}],"wp:attachment":[{"href":"https:\/\/realcolegio.pt\/en\/wp-json\/wp\/v2\/media?parent=4103"}],"wp:term":[{"taxonomy":"category","embeddable":true,"href":"https:\/\/realcolegio.pt\/en\/wp-json\/wp\/v2\/categories?post=4103"},{"taxonomy":"post_tag","embeddable":true,"href":"https:\/\/realcolegio.pt\/en\/wp-json\/wp\/v2\/tags?post=4103"}],"curies":[{"name":"wp","href":"https:\/\/api.w.org\/{rel}","templated":true}]}}