{"id":3999,"date":"2023-10-16T02:11:12","date_gmt":"2023-10-16T01:11:12","guid":{"rendered":"https:\/\/www.realcolegio.pt\/?p=3999"},"modified":"2023-10-16T02:16:10","modified_gmt":"2023-10-16T01:16:10","slug":"erasmus-day","status":"publish","type":"post","link":"https:\/\/realcolegio.pt\/en\/2023\/10\/16\/erasmus-day\/","title":{"rendered":"Erasmus Day"},"content":{"rendered":"<div class=\"wp-block-image\">\n<figure class=\"aligncenter size-large\"><img loading=\"lazy\" decoding=\"async\" width=\"1024\" height=\"1024\" src=\"https:\/\/realcolegio.pt\/wp-content\/uploads\/2023\/10\/391719115_18390837979061452_5629177445654963466_n-1024x1024.jpeg\" alt=\"Erasmus Day \" class=\"wp-image-4000\" srcset=\"https:\/\/realcolegio.pt\/wp-content\/uploads\/2023\/10\/391719115_18390837979061452_5629177445654963466_n-1024x1024.jpeg 1024w, https:\/\/realcolegio.pt\/wp-content\/uploads\/2023\/10\/391719115_18390837979061452_5629177445654963466_n-980x980.jpeg 980w, https:\/\/realcolegio.pt\/wp-content\/uploads\/2023\/10\/391719115_18390837979061452_5629177445654963466_n-480x480.jpeg 480w\" sizes=\"auto, (min-width: 0px) and (max-width: 480px) 480px, (min-width: 481px) and (max-width: 980px) 980px, (min-width: 981px) 1024px, 100vw\" \/><\/figure>\n<\/div>\n\n\n<p><\/p>\n\n\n\n<div class=\"wp-block-columns is-layout-flex wp-container-core-columns-is-layout-9d6595d7 wp-block-columns-is-layout-flex\">\n<div class=\"wp-block-column is-layout-flow wp-block-column-is-layout-flow\"><div class=\"wp-block-image\">\n<figure class=\"aligncenter size-full\"><img loading=\"lazy\" decoding=\"async\" width=\"1024\" height=\"768\" src=\"https:\/\/realcolegio.pt\/wp-content\/uploads\/2023\/10\/WhatsApp-Image-2023-10-02-at-17.51.30.jpeg\" alt=\"\" class=\"wp-image-3962\" title=\"Atvidades Extracurriculares\" srcset=\"https:\/\/realcolegio.pt\/wp-content\/uploads\/2023\/10\/WhatsApp-Image-2023-10-02-at-17.51.30.jpeg 1024w, https:\/\/realcolegio.pt\/wp-content\/uploads\/2023\/10\/WhatsApp-Image-2023-10-02-at-17.51.30-980x735.jpeg 980w, https:\/\/realcolegio.pt\/wp-content\/uploads\/2023\/10\/WhatsApp-Image-2023-10-02-at-17.51.30-480x360.jpeg 480w\" sizes=\"auto, (min-width: 0px) and (max-width: 480px) 480px, (min-width: 481px) and (max-width: 980px) 980px, (min-width: 981px) 1024px, 100vw\" \/><\/figure>\n<\/div><\/div>\n\n\n\n<div class=\"wp-block-column is-layout-flow wp-block-column-is-layout-flow\" style=\"flex-basis:100%\">\n<h2 class=\"wp-block-heading\">Juntos Somos Mais Internacionais <\/h2>\n<\/div>\n<\/div>\n\n\n\n<p>Esta semana tivemos um dia especial\u2026<\/p>\n\n\n\n<p>Celebr\u00e1mos o \u201cErasmus Day\u201d!<\/p>\n\n\n\n<p>No \u00e2mbito deste dia t\u00e3o especial, recebemos ao longo desta semana os nossos parceiros de Bilbao, que assinalaram connosco esta data t\u00e3o importante. Foram realizadas diversas atividades e viveram-se momentos de integra\u00e7\u00e3o e aprendizagem.<\/p>\n\n\n\n<p>H\u00e1 v\u00e1rios anos que o Real Col\u00e9gio de Portugal tem realizado v\u00e1rios projetos europeus, com o objetivo de proporcionar novas experi\u00eancias multiculturais aos nossos alunos e alunas. Fazemos parte de v\u00e1rios projetos a n\u00edvel europeu estando em coopera\u00e7\u00e3o com diferentes escolas e culturas.<\/p>\n\n\n\n<p>Estes projetos possibilitam trazer novos conhecimento, aprender novas culturas e realizar diferentes atividades a n\u00edvel internacional. Trazendo prest\u00edgio ao col\u00e9gio no estrangeiro e desenvolvendo as nossas liga\u00e7\u00f5es com os pa\u00edses e escolas visitadas.<\/p>\n\n\n\n<p>Uma mais-valia para a nossa institui\u00e7\u00e3o e para todos os presentes nos projetos realizados. Os Erasmus s\u00e3o hoje uma parte integrante do nosso Projeto Educativo. <\/p>\n\n\n\n<p>Juntos, somos mais internacionais! Vamos embarcar nesta viagem? <\/p>\n\n\n\n<p><\/p>","protected":false},"excerpt":{"rendered":"<p>Juntos Somos Mais Internacionais Esta semana tivemos um dia especial\u2026 Celebr\u00e1mos o \u201cErasmus Day\u201d! No \u00e2mbito deste dia t\u00e3o especial, recebemos ao longo desta semana os nossos parceiros de Bilbao, que assinalaram connosco esta data t\u00e3o importante. Foram realizadas diversas atividades e viveram-se momentos de integra\u00e7\u00e3o e aprendizagem. H\u00e1 v\u00e1rios anos que o Real Col\u00e9gio [&hellip;]<\/p>\n","protected":false},"author":2,"featured_media":4000,"comment_status":"closed","ping_status":"closed","sticky":false,"template":"","format":"standard","meta":{"_acf_changed":false,"_et_pb_use_builder":"on","_et_pb_old_content":"","_et_gb_content_width":"","footnotes":""},"categories":[1],"tags":[28,124,129,99,116,123,30,127,125,71,66,67,126,59,121,119,128,122],"class_list":["post-3999","post","type-post","status-publish","format-standard","has-post-thumbnail","hentry","category-noticia","tag-alunos","tag-apoio","tag-atencao","tag-autoestima","tag-bemestar","tag-bullying","tag-colegio","tag-comportamentos","tag-cuidado","tag-desafios","tag-educacao","tag-ensino","tag-familia","tag-futuro","tag-juntos","tag-saude-2","tag-sinais","tag-violencia"],"acf":[],"_links":{"self":[{"href":"https:\/\/realcolegio.pt\/en\/wp-json\/wp\/v2\/posts\/3999","targetHints":{"allow":["GET"]}}],"collection":[{"href":"https:\/\/realcolegio.pt\/en\/wp-json\/wp\/v2\/posts"}],"about":[{"href":"https:\/\/realcolegio.pt\/en\/wp-json\/wp\/v2\/types\/post"}],"author":[{"embeddable":true,"href":"https:\/\/realcolegio.pt\/en\/wp-json\/wp\/v2\/users\/2"}],"replies":[{"embeddable":true,"href":"https:\/\/realcolegio.pt\/en\/wp-json\/wp\/v2\/comments?post=3999"}],"version-history":[{"count":2,"href":"https:\/\/realcolegio.pt\/en\/wp-json\/wp\/v2\/posts\/3999\/revisions"}],"predecessor-version":[{"id":4003,"href":"https:\/\/realcolegio.pt\/en\/wp-json\/wp\/v2\/posts\/3999\/revisions\/4003"}],"wp:featuredmedia":[{"embeddable":true,"href":"https:\/\/realcolegio.pt\/en\/wp-json\/wp\/v2\/media\/4000"}],"wp:attachment":[{"href":"https:\/\/realcolegio.pt\/en\/wp-json\/wp\/v2\/media?parent=3999"}],"wp:term":[{"taxonomy":"category","embeddable":true,"href":"https:\/\/realcolegio.pt\/en\/wp-json\/wp\/v2\/categories?post=3999"},{"taxonomy":"post_tag","embeddable":true,"href":"https:\/\/realcolegio.pt\/en\/wp-json\/wp\/v2\/tags?post=3999"}],"curies":[{"name":"wp","href":"https:\/\/api.w.org\/{rel}","templated":true}]}}