{"id":3916,"date":"2023-07-28T20:06:19","date_gmt":"2023-07-28T19:06:19","guid":{"rendered":"https:\/\/www.realcolegio.pt\/?p=3916"},"modified":"2023-07-28T20:19:51","modified_gmt":"2023-07-28T19:19:51","slug":"reais-ferias-de-agosto","status":"publish","type":"post","link":"https:\/\/realcolegio.pt\/en\/2023\/07\/28\/reais-ferias-de-agosto\/","title":{"rendered":"Reais F\u00e9rias de Agosto"},"content":{"rendered":"<div class=\"wp-block-columns is-layout-flex wp-container-core-columns-is-layout-9d6595d7 wp-block-columns-is-layout-flex\">\n<div class=\"wp-block-column is-layout-flow wp-block-column-is-layout-flow\"><div class=\"wp-block-image\">\n<figure class=\"aligncenter size-large\"><img loading=\"lazy\" decoding=\"async\" width=\"1024\" height=\"512\" src=\"https:\/\/realcolegio.pt\/wp-content\/uploads\/2023\/07\/Design-sem-nome-73-min-1-1-1024x512.png\" alt=\"Col\u00f3nia de F\u00e9rias \" class=\"wp-image-3918\" title=\"F\u00e9rias em Agosto \" srcset=\"https:\/\/realcolegio.pt\/wp-content\/uploads\/2023\/07\/Design-sem-nome-73-min-1-1-1024x512.png 1024w, https:\/\/realcolegio.pt\/wp-content\/uploads\/2023\/07\/Design-sem-nome-73-min-1-1-300x150.png 300w, https:\/\/realcolegio.pt\/wp-content\/uploads\/2023\/07\/Design-sem-nome-73-min-1-1-768x384.png 768w, https:\/\/realcolegio.pt\/wp-content\/uploads\/2023\/07\/Design-sem-nome-73-min-1-1-1536x768.png 1536w, https:\/\/realcolegio.pt\/wp-content\/uploads\/2023\/07\/Design-sem-nome-73-min-1-1-2048x1024.png 2048w, https:\/\/realcolegio.pt\/wp-content\/uploads\/2023\/07\/Design-sem-nome-73-min-1-1-18x9.png 18w, https:\/\/realcolegio.pt\/wp-content\/uploads\/2023\/07\/Design-sem-nome-73-min-1-1-1080x540.png 1080w\" sizes=\"auto, (max-width: 1024px) 100vw, 1024px\" \/><\/figure>\n<\/div><\/div>\n<\/div>\n\n\n\n<h2 class=\"wp-block-heading\">Vamos Mergulhar Na Onda Das Melhores F\u00e9rias de Sempre? <\/h2>\n\n\n\n<p>Chegaram as nossas&nbsp;Reais&nbsp;F\u00e9rias&nbsp;de&nbsp;agosto&nbsp;de 2023, que ir\u00e3o decorrer entre os dias 16 a 31 de&nbsp;Agosto.&nbsp;<\/p>\n\n\n\n<p>As&nbsp;F\u00e9rias&nbsp;do Real Col\u00e9gio de Portugal t\u00eam como objetivo criar momentos l\u00fadicos, educativos e criativos, partindo de experi\u00eancias de trabalho de grupo e do contacto com a Arte e a Natureza.<\/p>\n\n\n\n<p>Relembramos que de acordo com o calend\u00e1rio escolar enviado no in\u00edcio do ano letivo 2022\/2023,\u00a0<strong>o col\u00e9gio ir\u00e1 estar encerrado de 01 a 15 de\u00a0Agosto.\u00a0<\/strong><\/p>\n\n\n\n<p>Temos um Programa muito especial que pode consultar <a href=\"https:\/\/realcolegio.pt\/wp-content\/uploads\/2023\/07\/Reais-Ferias-Agosto-5-1.pdf\" target=\"_blank\" data-type=\"URL\" data-id=\"https:\/\/realcolegio.pt\/wp-content\/uploads\/2023\/07\/Reais-Ferias-Agosto-5-1.pdf\" rel=\"noreferrer noopener\">AQUI<\/a> e que \u00e9 aberto a alunos externos. <\/p>\n\n\n\n<p><strong>NOTAS:<\/strong><\/p>\n\n\n\n<p>&#8211; As inscri\u00e7\u00f5es dever\u00e3o ser efetuadas \u00a0entre os dias 01 a 15 de\u00a0Agosto<br>&#8211; Por inscri\u00e7\u00e3o entende-se resposta ao question\u00e1rio e pagamento das atividades.<br>&#8211; O programa poder\u00e1 sofrer altera\u00e7\u00f5es por motivo de for\u00e7a maior, sendo os Encarregados de Educa\u00e7\u00e3o avisados atempadamente.<br>&#8211; O Valor das Reais F\u00e9rias de Agosto inclui a alimenta\u00e7\u00e3o completa.<br>&#8211;\u00a0<strong>O hor\u00e1rio de funcionamento do col\u00e9gio no m\u00eas de agosto ser\u00e1 das 09h00 \u00e0s 18h00<\/strong><\/p>\n\n\n\n<p>Caso tenha interesse em que o seu educando(a) frequente as atividades, solicitamos que proceda ao preenchimento do question\u00e1rio abaixo:\u00a0<\/p>\n\n\n\n<div class=\"wp-block-buttons is-content-justification-center is-layout-flex wp-container-core-buttons-is-layout-16018d1d wp-block-buttons-is-layout-flex\">\n<div class=\"wp-block-button aligncenter is-style-outline is-style-outline--1\"><a class=\"wp-block-button__link has-vivid-cyan-blue-color has-white-background-color has-text-color has-background wp-element-button\" href=\"https:\/\/forms.gle\/qmbsSdEaFRBhKKAr5\" target=\"_blank\" rel=\"noreferrer noopener\">INSCRI\u00c7\u00d5ES AQUI<\/a><\/div>\n<\/div>\n\n\n\n<p>Caso pretenda obter mais informa\u00e7\u00f5es sobre o nosso Programa, deve enviar um email para joao.magalhaes@realcolegio.pt <\/p>\n\n\n\n<p>Contamos Consigo Para Estas F\u00e9rias em Grande! <\/p>","protected":false},"excerpt":{"rendered":"<p>Vamos Mergulhar Na Onda Das Melhores F\u00e9rias de Sempre? Chegaram as nossas&nbsp;Reais&nbsp;F\u00e9rias&nbsp;de&nbsp;agosto&nbsp;de 2023, que ir\u00e3o decorrer entre os dias 16 a 31 de&nbsp;Agosto.&nbsp; As&nbsp;F\u00e9rias&nbsp;do Real Col\u00e9gio de Portugal t\u00eam como objetivo criar momentos l\u00fadicos, educativos e criativos, partindo de experi\u00eancias de trabalho de grupo e do contacto com a Arte e a Natureza. Relembramos que [&hellip;]<\/p>\n","protected":false},"author":2,"featured_media":3918,"comment_status":"open","ping_status":"open","sticky":false,"template":"","format":"standard","meta":{"_acf_changed":false,"_et_pb_use_builder":"on","_et_pb_old_content":"","_et_gb_content_width":"","footnotes":""},"categories":[1],"tags":[28,23,34,30,21,44,29,18,19],"class_list":["post-3916","post","type-post","status-publish","format-standard","has-post-thumbnail","hentry","category-noticia","tag-alunos","tag-atividades","tag-atividadesdeverao","tag-colegio","tag-colonia","tag-diversao","tag-escola","tag-ferias","tag-verao"],"acf":[],"_links":{"self":[{"href":"https:\/\/realcolegio.pt\/en\/wp-json\/wp\/v2\/posts\/3916","targetHints":{"allow":["GET"]}}],"collection":[{"href":"https:\/\/realcolegio.pt\/en\/wp-json\/wp\/v2\/posts"}],"about":[{"href":"https:\/\/realcolegio.pt\/en\/wp-json\/wp\/v2\/types\/post"}],"author":[{"embeddable":true,"href":"https:\/\/realcolegio.pt\/en\/wp-json\/wp\/v2\/users\/2"}],"replies":[{"embeddable":true,"href":"https:\/\/realcolegio.pt\/en\/wp-json\/wp\/v2\/comments?post=3916"}],"version-history":[{"count":1,"href":"https:\/\/realcolegio.pt\/en\/wp-json\/wp\/v2\/posts\/3916\/revisions"}],"predecessor-version":[{"id":3920,"href":"https:\/\/realcolegio.pt\/en\/wp-json\/wp\/v2\/posts\/3916\/revisions\/3920"}],"wp:featuredmedia":[{"embeddable":true,"href":"https:\/\/realcolegio.pt\/en\/wp-json\/wp\/v2\/media\/3918"}],"wp:attachment":[{"href":"https:\/\/realcolegio.pt\/en\/wp-json\/wp\/v2\/media?parent=3916"}],"wp:term":[{"taxonomy":"category","embeddable":true,"href":"https:\/\/realcolegio.pt\/en\/wp-json\/wp\/v2\/categories?post=3916"},{"taxonomy":"post_tag","embeddable":true,"href":"https:\/\/realcolegio.pt\/en\/wp-json\/wp\/v2\/tags?post=3916"}],"curies":[{"name":"wp","href":"https:\/\/api.w.org\/{rel}","templated":true}]}}