{"id":3911,"date":"2023-07-24T01:52:54","date_gmt":"2023-07-24T00:52:54","guid":{"rendered":"https:\/\/www.realcolegio.pt\/?p=3911"},"modified":"2023-07-24T01:59:46","modified_gmt":"2023-07-24T00:59:46","slug":"continuamos-a-apostar-na-lideranca-feminina","status":"publish","type":"post","link":"https:\/\/realcolegio.pt\/en\/2023\/07\/24\/continuamos-a-apostar-na-lideranca-feminina\/","title":{"rendered":"Continuamos a Apostar Na Lideran\u00e7a Feminina"},"content":{"rendered":"\n<div class=\"wp-block-columns is-layout-flex wp-container-core-columns-is-layout-9d6595d7 wp-block-columns-is-layout-flex\">\n<div class=\"wp-block-column is-layout-flow wp-block-column-is-layout-flow\"><div class=\"wp-block-image\">\n<figure class=\"aligncenter size-large\"><img loading=\"lazy\" decoding=\"async\" width=\"1024\" height=\"1024\" src=\"https:\/\/realcolegio.pt\/wp-content\/uploads\/2023\/07\/MIT-Massachusetts-Institute-of-Technology-1024x1024.png\" alt=\"\" class=\"wp-image-3912\" srcset=\"https:\/\/realcolegio.pt\/wp-content\/uploads\/2023\/07\/MIT-Massachusetts-Institute-of-Technology-1024x1024.png 1024w, https:\/\/realcolegio.pt\/wp-content\/uploads\/2023\/07\/MIT-Massachusetts-Institute-of-Technology-980x980.png 980w, https:\/\/realcolegio.pt\/wp-content\/uploads\/2023\/07\/MIT-Massachusetts-Institute-of-Technology-480x480.png 480w\" sizes=\"auto, (min-width: 0px) and (max-width: 480px) 480px, (min-width: 481px) and (max-width: 980px) 980px, (min-width: 981px) 1024px, 100vw\" \/><figcaption class=\"wp-element-caption\">Lideran\u00e7a Feminina <\/figcaption><\/figure>\n<\/div><\/div>\n<\/div>\n\n\n\n<h2 class=\"wp-block-heading\">Somos Agentes Da Mudan\u00e7a<\/h2>\n\n\n\n<p>\u00c9 com o maior prazer que anunciamos que a CEO do Real Col\u00e9gio de Portugal, Dra. <a href=\"https:\/\/www.facebook.com\/teresadamasiogrupoensinus?__cft__[0]=AZVWuEaWVrC3jm3FvcK0yfyuHoj8BaaJfNZOvfpwlFDi9KtM071m6tzF3JW7hzr936Hvd6wRypwErYVjegr5HLyVb_i_MxE9JnMGbvNdSeN7TCs-unaFk8yKvcGErMShrmZA1Dwt1q_TQmmIC1zmfInbN9XMmKEiBy3NJWvOfWPXwlKs87sYL-q-JaP-qfO3_sQ&amp;__tn__=-]K-R\" rel=\"noopener\">Teresa Dam\u00e1sio<\/a> completou o curso do MIT (Massachusetts Institute of Technology), uma das melhores Universidades do Mundo. <\/p>\n\n\n\n<p>O <strong>Instituto de Tecnologia de Massachusetts<\/strong>, fundado em 1861 em resposta \u00e0 crescente\u00a0industrializa\u00e7\u00e3o\u00a0dos Estados Unidos, o MIT adotou um modelo europeu de\u00a0universidade polit\u00e9cnica\u00a0e contribui para o desenvolvimento do conhecimento laboratorial em ci\u00eancia aplicada e\u00a0engenharia. Segundo o\u00a0ranking de 2022 da QS\u00a0(Quacquarelli Symonds), um dos mais conceituados do mundo, o MIT \u00e9 a melhor universidade do mundo, posi\u00e7\u00e3o que ocupa j\u00e1 h\u00e1\u00a0dez anos consecutivos<\/p>\n\n\n\n<p>&#8220;Espero assim estar mais apta a exercer as minhas fun\u00e7\u00f5es e a contribuir para uma melhor performance do Real Col\u00e9gio de Portugal!&#8221;<\/p>\n\n\n\n<p>Assim, pretende-se continuar a apostar na forma\u00e7\u00e3o e desenvolvimento da lideran\u00e7a das mulheres nas institui\u00e7\u00f5es de ensino <a><\/a>que s\u00e3o dirigidas pela Dra. Teresa Dam\u00e1sio, das quais muitas t\u00eam mulheres em cargos de lideran\u00e7a.<\/p>\n\n\n\n<p>Juntos por um futuro mais igualit\u00e1rio!<\/p>\n","protected":false},"excerpt":{"rendered":"<p>Somos Agentes Da Mudan\u00e7a \u00c9 com o maior prazer que anunciamos que a CEO do Real Col\u00e9gio de Portugal, Dra. Teresa Dam\u00e1sio completou o curso do MIT (Massachusetts Institute of Technology), uma das melhores Universidades do Mundo. O Instituto de Tecnologia de Massachusetts, fundado em 1861 em resposta \u00e0 crescente\u00a0industrializa\u00e7\u00e3o\u00a0dos Estados Unidos, o MIT adotou [&hellip;]<\/p>\n","protected":false},"author":2,"featured_media":3912,"comment_status":"open","ping_status":"open","sticky":false,"template":"","format":"standard","meta":{"_acf_changed":false,"_et_pb_use_builder":"on","_et_pb_old_content":"","_et_gb_content_width":"","footnotes":""},"categories":[1],"tags":[45,29,50,47,46,49,51,48],"class_list":["post-3911","post","type-post","status-publish","format-standard","has-post-thumbnail","hentry","category-noticia","tag-ceo","tag-escola","tag-feminina","tag-gestao","tag-lideranca","tag-liderancafeminina","tag-mudanca","tag-mulheres"],"acf":[],"_links":{"self":[{"href":"https:\/\/realcolegio.pt\/en\/wp-json\/wp\/v2\/posts\/3911","targetHints":{"allow":["GET"]}}],"collection":[{"href":"https:\/\/realcolegio.pt\/en\/wp-json\/wp\/v2\/posts"}],"about":[{"href":"https:\/\/realcolegio.pt\/en\/wp-json\/wp\/v2\/types\/post"}],"author":[{"embeddable":true,"href":"https:\/\/realcolegio.pt\/en\/wp-json\/wp\/v2\/users\/2"}],"replies":[{"embeddable":true,"href":"https:\/\/realcolegio.pt\/en\/wp-json\/wp\/v2\/comments?post=3911"}],"version-history":[{"count":1,"href":"https:\/\/realcolegio.pt\/en\/wp-json\/wp\/v2\/posts\/3911\/revisions"}],"predecessor-version":[{"id":3913,"href":"https:\/\/realcolegio.pt\/en\/wp-json\/wp\/v2\/posts\/3911\/revisions\/3913"}],"wp:featuredmedia":[{"embeddable":true,"href":"https:\/\/realcolegio.pt\/en\/wp-json\/wp\/v2\/media\/3912"}],"wp:attachment":[{"href":"https:\/\/realcolegio.pt\/en\/wp-json\/wp\/v2\/media?parent=3911"}],"wp:term":[{"taxonomy":"category","embeddable":true,"href":"https:\/\/realcolegio.pt\/en\/wp-json\/wp\/v2\/categories?post=3911"},{"taxonomy":"post_tag","embeddable":true,"href":"https:\/\/realcolegio.pt\/en\/wp-json\/wp\/v2\/tags?post=3911"}],"curies":[{"name":"wp","href":"https:\/\/api.w.org\/{rel}","templated":true}]}}