{"id":3282,"date":"2023-01-09T10:31:31","date_gmt":"2023-01-09T10:31:31","guid":{"rendered":"https:\/\/www.realcolegio.pt\/?p=3282"},"modified":"2023-01-09T10:43:35","modified_gmt":"2023-01-09T10:43:35","slug":"desafio-bebras-portugal-2022","status":"publish","type":"post","link":"https:\/\/realcolegio.pt\/en\/2023\/01\/09\/desafio-bebras-portugal-2022\/","title":{"rendered":"Desafio Bebras Portugal 2022"},"content":{"rendered":"<div class=\"wp-block-columns is-layout-flex wp-container-core-columns-is-layout-9d6595d7 wp-block-columns-is-layout-flex\">\n<div class=\"wp-block-column is-layout-flow wp-block-column-is-layout-flow\"><div class=\"wp-block-image\">\n<figure class=\"aligncenter size-large\"><img decoding=\"async\" src=\"https:\/\/realcolegio.pt\/wp-content\/uploads\/2023\/01\/Design-sem-nome-2023-01-09T102845.276-1024x1024.png\" alt=\"\" class=\"wp-image-3284\"\/><\/figure>\n<\/div><\/div>\n<\/div>\n\n\n\n<h2 class=\"wp-block-heading\">Prova Internacional de Pensamento Computacional <\/h2>\n\n\n\n<p>J\u00e1 chegaram os resultados da&nbsp;Prova Internacional de Pensamento Computacional&nbsp;(Castor Inform\u00e1tico, ou Bebras), um evento importante nesta \u00e1rea da inform\u00e1tica, em que Portugal participou pelo quarto ano consecutivo. Nesta edi\u00e7\u00e3o participaram cerca de 78 mil alunos de 502 escolas, distribu\u00eddas por todo o pa\u00eds!&nbsp;<\/p>\n\n\n\n<p>Esta \u00e9 uma das \u00e1reas que tem sido trabalhada na disciplina de TIC (programa\u00e7\u00e3o), que engloba processos de racioc\u00ednio (decomposi\u00e7\u00e3o, reconhecimento de padr\u00f5es, abstra\u00e7\u00e3o, algoritmia) usados para interpretar um problema e resolv\u00ea-lo, expressando as suas solu\u00e7\u00f5es de tal forma que um \u201ccomputador\u201d consiga reproduzi-las.<\/p>\n\n\n\n<p>No Real Col\u00e9gio Portugal a prova foi realizada pelo prof. Diogo Diniz, com 26 alunos, englobados no escal\u00e3o&nbsp;<em>Castores (3.\u00ba e 4.\u00ba anos)<\/em>, dos quais&nbsp;<strong>23% tiveram resultados superiores a 75% dos participantes a n\u00edvel nacional para o respetivo escal\u00e3o<\/strong>.&nbsp;Na tabela abaixo apresentamos uma vis\u00e3o geral em termos da percentagem dos alunos que participaram e atingiram resultados significativos, por escal\u00e3o.<\/p>\n\n\n\n<figure class=\"wp-block-table\"><table><tbody><tr><td><strong>Escal\u00e3o<\/strong><\/td><td><strong>Top 1%<\/strong><\/td><td><strong>Top10%<\/strong><\/td><td><strong>Top25%<\/strong><\/td><td><strong>Participantes<\/strong><\/td><\/tr><tr><td><strong>Castores (3.\u00ba e 4.\u00ba ano)<\/strong><\/td><td>0%<\/td><td>8%<\/td><td>15%<\/td><td>26<\/td><\/tr><\/tbody><\/table><\/figure>\n\n\n\n<p><strong>No escal\u00e3o Castores<\/strong>&nbsp;houve\u202f<strong>4 alunos\u202fa pontuar no\u202fTOP 25%<\/strong>\u202fdo seu escal\u00e3o a n\u00edvel nacional e\u202f<strong>2 alunos\u202fno\u202fTOP 10%<\/strong>&nbsp;do seu escal\u00e3o a n\u00edvel nacional.<\/p>\n\n\n\n<p>Independentemente dos resultados obtidos na prova, a participa\u00e7\u00e3o dos alunos foi muito importante. Por terem representado o Col\u00e9gio neste evento internacional, pela exposi\u00e7\u00e3o dos alunos a este tipo de evento e iniciativas, pelo est\u00edmulo e entusiasmo investidos.&nbsp;<\/p>\n\n\n\n<p>Os nossos alunos e alunas est\u00e3o todos de parab\u00e9ns!!!<\/p>","protected":false},"excerpt":{"rendered":"<p>Prova Internacional de Pensamento Computacional J\u00e1 chegaram os resultados da&nbsp;Prova Internacional de Pensamento Computacional&nbsp;(Castor Inform\u00e1tico, ou Bebras), um evento importante nesta \u00e1rea da inform\u00e1tica, em que Portugal participou pelo quarto ano consecutivo. Nesta edi\u00e7\u00e3o participaram cerca de 78 mil alunos de 502 escolas, distribu\u00eddas por todo o pa\u00eds!&nbsp; Esta \u00e9 uma das \u00e1reas que tem [&hellip;]<\/p>\n","protected":false},"author":2,"featured_media":0,"comment_status":"open","ping_status":"open","sticky":false,"template":"","format":"standard","meta":{"_acf_changed":false,"_et_pb_use_builder":"on","_et_pb_old_content":"","_et_gb_content_width":"","footnotes":""},"categories":[1],"tags":[],"class_list":["post-3282","post","type-post","status-publish","format-standard","hentry","category-noticia"],"acf":[],"_links":{"self":[{"href":"https:\/\/realcolegio.pt\/en\/wp-json\/wp\/v2\/posts\/3282","targetHints":{"allow":["GET"]}}],"collection":[{"href":"https:\/\/realcolegio.pt\/en\/wp-json\/wp\/v2\/posts"}],"about":[{"href":"https:\/\/realcolegio.pt\/en\/wp-json\/wp\/v2\/types\/post"}],"author":[{"embeddable":true,"href":"https:\/\/realcolegio.pt\/en\/wp-json\/wp\/v2\/users\/2"}],"replies":[{"embeddable":true,"href":"https:\/\/realcolegio.pt\/en\/wp-json\/wp\/v2\/comments?post=3282"}],"version-history":[{"count":2,"href":"https:\/\/realcolegio.pt\/en\/wp-json\/wp\/v2\/posts\/3282\/revisions"}],"predecessor-version":[{"id":3286,"href":"https:\/\/realcolegio.pt\/en\/wp-json\/wp\/v2\/posts\/3282\/revisions\/3286"}],"wp:attachment":[{"href":"https:\/\/realcolegio.pt\/en\/wp-json\/wp\/v2\/media?parent=3282"}],"wp:term":[{"taxonomy":"category","embeddable":true,"href":"https:\/\/realcolegio.pt\/en\/wp-json\/wp\/v2\/categories?post=3282"},{"taxonomy":"post_tag","embeddable":true,"href":"https:\/\/realcolegio.pt\/en\/wp-json\/wp\/v2\/tags?post=3282"}],"curies":[{"name":"wp","href":"https:\/\/api.w.org\/{rel}","templated":true}]}}