{"id":3180,"date":"2022-11-18T17:47:05","date_gmt":"2022-11-18T17:47:05","guid":{"rendered":"https:\/\/www.realcolegio.pt\/?p=3180"},"modified":"2022-11-18T18:09:34","modified_gmt":"2022-11-18T18:09:34","slug":"desafio-aldeia-real","status":"publish","type":"post","link":"https:\/\/realcolegio.pt\/en\/2022\/11\/18\/desafio-aldeia-real\/","title":{"rendered":"Desafio Aldeia Real!"},"content":{"rendered":"<div class=\"wp-block-columns is-layout-flex wp-container-core-columns-is-layout-9d6595d7 wp-block-columns-is-layout-flex\">\n<div class=\"wp-block-column is-layout-flow wp-block-column-is-layout-flow\"><div class=\"wp-block-image\">\n<figure class=\"aligncenter size-full\"><img decoding=\"async\" src=\"https:\/\/realcolegio.pt\/wp-content\/uploads\/2022\/11\/unnamed-2.jpg\" alt=\"\" class=\"wp-image-3181\"\/><\/figure>\n<\/div><\/div>\n<\/div>\n\n\n\n<h2 class=\"wp-block-heading\">Este Desafio \u00c9 Para as Nossas Fam\u00edlias! Aceitam? <\/h2>\n\n\n\n<p>Com a aproxima\u00e7\u00e3o das festividades Natal\u00edcias, nada melhor do que nos irmos preparando para uma altura especial e m\u00e1gica!<br><br>Nesse \u00e2mbito, vimos ao Vosso encontro para desafiar-vos \u00e0 constru\u00e7\u00e3o de uma pequena casinha em cart\u00e3o para decora\u00e7\u00e3o da nossa ALDEIA REAL. Cada aluno com a ajuda da sua respetiva fam\u00edlia poder\u00e1 participar, construindo em casa este pequeno artefato decorativo, com total liberdade art\u00edstica, e que ficar\u00e1 posteriormente em exposi\u00e7\u00e3o na nossa <strong>ALDEIA REAL<\/strong>. Queremos que esta seja uma representa\u00e7\u00e3o simb\u00f3lica da nossa uni\u00e3o e for\u00e7a!<\/p>\n\n\n\n<p>O estilo art\u00edstico, os materiais e a forma s\u00e3o aqueles que desejarem.<\/p>\n\n\n\n<p>No entanto, e por uma quest\u00e3o de espa\u00e7o, ped\u00edamos que tivessem uma caixa de sapatos como tamanho m\u00e1ximo de refer\u00eancia.<br><br>Apenas como exemplo, enviamos em anexo algumas planifica\u00e7\u00f5es e imagens com ideias para que se possam inspirar!<\/p>\n\n\n\n<p>Pedimos, ainda, que as casas sejam iluminadas, e que as janelas ou portas deixem passar a luz interior.<\/p>\n\n\n\n<p>Se assim o preferirem, os alunos que sejam irm\u00e3os podem realizar este trabalho em conjunto e construir apenas uma casinha.<\/p>\n\n\n\n<p>Na semana de 28 de novembro a 2 de dezembro devem trazer a vossa obra de arte para o Col\u00e9gio e entregar \u00e0s Educadoras\/Professoras\/Diretores de Turma.<br><br>Contamos com TODOS para a constru\u00e7\u00e3o desta magn\u00edfica ALDEIA!<\/p>\n\n\n\n<p><\/p>\n\n\n\n<p><\/p>","protected":false},"excerpt":{"rendered":"<p>Este Desafio \u00c9 Para as Nossas Fam\u00edlias! Aceitam? Com a aproxima\u00e7\u00e3o das festividades Natal\u00edcias, nada melhor do que nos irmos preparando para uma altura especial e m\u00e1gica! Nesse \u00e2mbito, vimos [&hellip;]<\/p>\n","protected":false},"author":2,"featured_media":0,"comment_status":"open","ping_status":"open","sticky":false,"template":"","format":"standard","meta":{"_acf_changed":false,"_et_pb_use_builder":"on","_et_pb_old_content":"","_et_gb_content_width":"","footnotes":""},"categories":[1],"tags":[],"class_list":["post-3180","post","type-post","status-publish","format-standard","hentry","category-noticia"],"acf":[],"_links":{"self":[{"href":"https:\/\/realcolegio.pt\/en\/wp-json\/wp\/v2\/posts\/3180","targetHints":{"allow":["GET"]}}],"collection":[{"href":"https:\/\/realcolegio.pt\/en\/wp-json\/wp\/v2\/posts"}],"about":[{"href":"https:\/\/realcolegio.pt\/en\/wp-json\/wp\/v2\/types\/post"}],"author":[{"embeddable":true,"href":"https:\/\/realcolegio.pt\/en\/wp-json\/wp\/v2\/users\/2"}],"replies":[{"embeddable":true,"href":"https:\/\/realcolegio.pt\/en\/wp-json\/wp\/v2\/comments?post=3180"}],"version-history":[{"count":1,"href":"https:\/\/realcolegio.pt\/en\/wp-json\/wp\/v2\/posts\/3180\/revisions"}],"predecessor-version":[{"id":3182,"href":"https:\/\/realcolegio.pt\/en\/wp-json\/wp\/v2\/posts\/3180\/revisions\/3182"}],"wp:attachment":[{"href":"https:\/\/realcolegio.pt\/en\/wp-json\/wp\/v2\/media?parent=3180"}],"wp:term":[{"taxonomy":"category","embeddable":true,"href":"https:\/\/realcolegio.pt\/en\/wp-json\/wp\/v2\/categories?post=3180"},{"taxonomy":"post_tag","embeddable":true,"href":"https:\/\/realcolegio.pt\/en\/wp-json\/wp\/v2\/tags?post=3180"}],"curies":[{"name":"wp","href":"https:\/\/api.w.org\/{rel}","templated":true}]}}