{"id":3102,"date":"2022-10-17T01:40:03","date_gmt":"2022-10-17T00:40:03","guid":{"rendered":"https:\/\/www.realcolegio.pt\/?p=3102"},"modified":"2022-10-17T12:13:26","modified_gmt":"2022-10-17T11:13:26","slug":"porque-todos-somos-importantes-na-educacao","status":"publish","type":"post","link":"https:\/\/realcolegio.pt\/en\/2022\/10\/17\/porque-todos-somos-importantes-na-educacao\/","title":{"rendered":"Porque Todos Somos Importantes na Educa\u00e7\u00e3o!"},"content":{"rendered":"<div class=\"wp-block-columns is-layout-flex wp-container-core-columns-is-layout-9d6595d7 wp-block-columns-is-layout-flex\">\n<div class=\"wp-block-column is-layout-flow wp-block-column-is-layout-flow\"><div class=\"wp-block-image\">\n<figure class=\"aligncenter size-large\"><img decoding=\"async\" src=\"https:\/\/realcolegio.pt\/wp-content\/uploads\/2022\/10\/311690856_535156535281240_4946612882516946670_n-1024x1024.jpeg\" alt=\"\" class=\"wp-image-3104\"\/><\/figure>\n<\/div><\/div>\n<\/div>\n\n\n\n<h2 class=\"wp-block-heading\">Uma Reuni\u00e3o de Apresenta\u00e7\u00e3o Diferente: <\/h2>\n\n\n\n<p>Aconteceu na semana passada a reuni\u00e3o de apresenta\u00e7\u00e3o da sala do 2.\u00ba ano, com a nossa nova Professora que chega agora \u00e0 fam\u00edlia RCP! <\/p>\n\n\n\n<p>Uma reuni\u00e3o fant\u00e1stica, onde tiv\u00e9mos a oportunidade de fazer v\u00e1rias din\u00e2micas para que os pais percebam a verdadeira import\u00e2ncia que t\u00eam quando est\u00e3o em permanente comunica\u00e7\u00e3o com a escola e que devem estar pr\u00f3ximos dos seus filhos!<\/p>\n\n\n\n<p>O processo de educa\u00e7\u00e3o \u00e9 um projeto colaborativo, onde todos, pais, professores, escola, alunos, auxiliares, temos de estar envolvidos para conseguirmos contribuir para o sucesso escolar dos alunos e alunas.<\/p>\n\n\n\n<p>Seja bem-vinda ao RCP Cl\u00e1udia!<\/p>\n\n\n\n<p>Juntos Constru\u00edmos o Futuro!<\/p>\n\n\n\n<p><\/p>","protected":false},"excerpt":{"rendered":"<p>Uma Reuni\u00e3o de Apresenta\u00e7\u00e3o Diferente: Aconteceu na semana passada a reuni\u00e3o de apresenta\u00e7\u00e3o da sala do 2.\u00ba ano, com a nossa nova Professora que chega agora \u00e0 fam\u00edlia RCP! Uma reuni\u00e3o fant\u00e1stica, onde tiv\u00e9mos a oportunidade de fazer v\u00e1rias din\u00e2micas para que os pais percebam a verdadeira import\u00e2ncia que t\u00eam quando est\u00e3o em permanente comunica\u00e7\u00e3o [&hellip;]<\/p>\n","protected":false},"author":2,"featured_media":0,"comment_status":"open","ping_status":"open","sticky":false,"template":"","format":"standard","meta":{"_acf_changed":false,"_et_pb_use_builder":"on","_et_pb_old_content":"","_et_gb_content_width":"","footnotes":""},"categories":[1],"tags":[],"class_list":["post-3102","post","type-post","status-publish","format-standard","hentry","category-noticia"],"acf":[],"_links":{"self":[{"href":"https:\/\/realcolegio.pt\/en\/wp-json\/wp\/v2\/posts\/3102","targetHints":{"allow":["GET"]}}],"collection":[{"href":"https:\/\/realcolegio.pt\/en\/wp-json\/wp\/v2\/posts"}],"about":[{"href":"https:\/\/realcolegio.pt\/en\/wp-json\/wp\/v2\/types\/post"}],"author":[{"embeddable":true,"href":"https:\/\/realcolegio.pt\/en\/wp-json\/wp\/v2\/users\/2"}],"replies":[{"embeddable":true,"href":"https:\/\/realcolegio.pt\/en\/wp-json\/wp\/v2\/comments?post=3102"}],"version-history":[{"count":2,"href":"https:\/\/realcolegio.pt\/en\/wp-json\/wp\/v2\/posts\/3102\/revisions"}],"predecessor-version":[{"id":3105,"href":"https:\/\/realcolegio.pt\/en\/wp-json\/wp\/v2\/posts\/3102\/revisions\/3105"}],"wp:attachment":[{"href":"https:\/\/realcolegio.pt\/en\/wp-json\/wp\/v2\/media?parent=3102"}],"wp:term":[{"taxonomy":"category","embeddable":true,"href":"https:\/\/realcolegio.pt\/en\/wp-json\/wp\/v2\/categories?post=3102"},{"taxonomy":"post_tag","embeddable":true,"href":"https:\/\/realcolegio.pt\/en\/wp-json\/wp\/v2\/tags?post=3102"}],"curies":[{"name":"wp","href":"https:\/\/api.w.org\/{rel}","templated":true}]}}