{"id":3071,"date":"2022-10-07T18:10:52","date_gmt":"2022-10-07T17:10:52","guid":{"rendered":"https:\/\/www.realcolegio.pt\/?p=3071"},"modified":"2022-10-07T18:11:27","modified_gmt":"2022-10-07T17:11:27","slug":"fotos-de-turma","status":"publish","type":"post","link":"https:\/\/realcolegio.pt\/en\/2022\/10\/07\/fotos-de-turma\/","title":{"rendered":"Fotos de Turma"},"content":{"rendered":"<div class=\"wp-block-columns is-layout-flex wp-container-core-columns-is-layout-9d6595d7 wp-block-columns-is-layout-flex\">\n<div class=\"wp-block-column is-layout-flow wp-block-column-is-layout-flow\"><div class=\"wp-block-image\">\n<figure class=\"aligncenter size-large\"><img decoding=\"async\" src=\"https:\/\/realcolegio.pt\/wp-content\/uploads\/2022\/10\/2-1024x512.png\" alt=\"\" class=\"wp-image-3072\"\/><\/figure>\n<\/div><\/div>\n<\/div>\n\n\n\n<h2 class=\"wp-block-heading\">Eternizamos Momentos<\/h2>\n\n\n\n<p>E na passada sexta-feira foi dia de tirar fotos com todas as turmas do RCP em que tivemos o prazer, como \u00e9 habitual, de contar com a presen\u00e7a da Senhora Administradora, Dra. Teresa Dam\u00e1sio. <\/p>\n\n\n\n<p>J\u00e1 h\u00e1 dois anos que n\u00e3o t\u00ednhamos este momento \u00fanico devido \u00e0 pandemia. Quando se passa pelos corredores do nosso col\u00e9gio, vemos fotos de grupo dos diferentes anos pelos quais os nossos alunos v\u00e3o passando. <\/p>\n\n\n\n<p>Aquilo que queremos \u00e9 eternizar todos aqueles que fizeram e fazem parte da hist\u00f3ria do Real Col\u00e9gio de Portugal. <\/p>\n\n\n\n<p><\/p>","protected":false},"excerpt":{"rendered":"<p>Eternizamos Momentos E na passada sexta-feira foi dia de tirar fotos com todas as turmas do RCP em que tivemos o prazer, como \u00e9 habitual, de contar com a presen\u00e7a [&hellip;]<\/p>\n","protected":false},"author":2,"featured_media":0,"comment_status":"open","ping_status":"open","sticky":false,"template":"","format":"standard","meta":{"_acf_changed":false,"_et_pb_use_builder":"on","_et_pb_old_content":"","_et_gb_content_width":"","footnotes":""},"categories":[1],"tags":[],"class_list":["post-3071","post","type-post","status-publish","format-standard","hentry","category-noticia"],"acf":[],"_links":{"self":[{"href":"https:\/\/realcolegio.pt\/en\/wp-json\/wp\/v2\/posts\/3071","targetHints":{"allow":["GET"]}}],"collection":[{"href":"https:\/\/realcolegio.pt\/en\/wp-json\/wp\/v2\/posts"}],"about":[{"href":"https:\/\/realcolegio.pt\/en\/wp-json\/wp\/v2\/types\/post"}],"author":[{"embeddable":true,"href":"https:\/\/realcolegio.pt\/en\/wp-json\/wp\/v2\/users\/2"}],"replies":[{"embeddable":true,"href":"https:\/\/realcolegio.pt\/en\/wp-json\/wp\/v2\/comments?post=3071"}],"version-history":[{"count":1,"href":"https:\/\/realcolegio.pt\/en\/wp-json\/wp\/v2\/posts\/3071\/revisions"}],"predecessor-version":[{"id":3074,"href":"https:\/\/realcolegio.pt\/en\/wp-json\/wp\/v2\/posts\/3071\/revisions\/3074"}],"wp:attachment":[{"href":"https:\/\/realcolegio.pt\/en\/wp-json\/wp\/v2\/media?parent=3071"}],"wp:term":[{"taxonomy":"category","embeddable":true,"href":"https:\/\/realcolegio.pt\/en\/wp-json\/wp\/v2\/categories?post=3071"},{"taxonomy":"post_tag","embeddable":true,"href":"https:\/\/realcolegio.pt\/en\/wp-json\/wp\/v2\/tags?post=3071"}],"curies":[{"name":"wp","href":"https:\/\/api.w.org\/{rel}","templated":true}]}}