{"id":3024,"date":"2022-09-19T01:15:23","date_gmt":"2022-09-19T00:15:23","guid":{"rendered":"https:\/\/www.realcolegio.pt\/?p=3024"},"modified":"2022-09-19T01:15:25","modified_gmt":"2022-09-19T00:15:25","slug":"reunioes-de-apresentacao","status":"publish","type":"post","link":"https:\/\/realcolegio.pt\/en\/2022\/09\/19\/reunioes-de-apresentacao\/","title":{"rendered":"Reuni\u00f5es de Apresenta\u00e7\u00e3o"},"content":{"rendered":"<div class=\"wp-block-columns is-layout-flex wp-container-core-columns-is-layout-9d6595d7 wp-block-columns-is-layout-flex\">\n<div class=\"wp-block-column is-layout-flow wp-block-column-is-layout-flow\"><div class=\"wp-block-image\">\n<figure class=\"aligncenter size-large\"><img decoding=\"async\" src=\"https:\/\/realcolegio.pt\/wp-content\/uploads\/2022\/09\/306549081_511332740996953_6040735815911071607_n-1024x1024.jpg\" alt=\"\" class=\"wp-image-3025\"\/><\/figure>\n<\/div><\/div>\n<\/div>\n\n\n\n<h2 class=\"wp-block-heading\">Saiba a que dia \u00e9 a sua ! <\/h2>\n\n\n\n<p>E demos in\u00edcio a semana passada ao ciclo das reuni\u00f5es de apresenta\u00e7\u00e3o destinadas a cada turma. <\/p>\n\n\n\n<p>O objetivo \u00e9 dar a conhecer o nosso Corpo Docente, as metodologias de trabalho, os temas desenvolvidos e quais os principais objetivos a atingir ao longo do ano letivo. \u00c9 tamb\u00e9m nestas reuni\u00f5es que cada encarregado de educa\u00e7\u00e3o se apresenta e tem a oportunidade de conhecer os restantes &#8220;colegas&#8221; que v\u00e3o fazer parte da aventura da vida dos seus filhos! <\/p>\n\n\n\n<p>J\u00e1 sabe a que dia ser\u00e1 a sua? Descubra tudo <a href=\"https:\/\/realcolegio.pt\/wp-content\/uploads\/2022\/09\/Reunioes-de-Apresentacao.pdf\" data-type=\"URL\" data-id=\"https:\/\/realcolegio.pt\/wp-content\/uploads\/2022\/09\/Reunioes-de-Apresentacao.pdf\">AQUI <\/a><\/p>\n\n\n\n<p><\/p>","protected":false},"excerpt":{"rendered":"<p>Saiba a que dia \u00e9 a sua ! E demos in\u00edcio a semana passada ao ciclo das reuni\u00f5es de apresenta\u00e7\u00e3o destinadas a cada turma. O objetivo \u00e9 dar a conhecer o nosso Corpo Docente, as metodologias de trabalho, os temas desenvolvidos e quais os principais objetivos a atingir ao longo do ano letivo. \u00c9 tamb\u00e9m [&hellip;]<\/p>\n","protected":false},"author":2,"featured_media":0,"comment_status":"open","ping_status":"open","sticky":false,"template":"","format":"standard","meta":{"_acf_changed":false,"_et_pb_use_builder":"on","_et_pb_old_content":"","_et_gb_content_width":"","footnotes":""},"categories":[1],"tags":[],"class_list":["post-3024","post","type-post","status-publish","format-standard","hentry","category-noticia"],"acf":[],"_links":{"self":[{"href":"https:\/\/realcolegio.pt\/en\/wp-json\/wp\/v2\/posts\/3024","targetHints":{"allow":["GET"]}}],"collection":[{"href":"https:\/\/realcolegio.pt\/en\/wp-json\/wp\/v2\/posts"}],"about":[{"href":"https:\/\/realcolegio.pt\/en\/wp-json\/wp\/v2\/types\/post"}],"author":[{"embeddable":true,"href":"https:\/\/realcolegio.pt\/en\/wp-json\/wp\/v2\/users\/2"}],"replies":[{"embeddable":true,"href":"https:\/\/realcolegio.pt\/en\/wp-json\/wp\/v2\/comments?post=3024"}],"version-history":[{"count":1,"href":"https:\/\/realcolegio.pt\/en\/wp-json\/wp\/v2\/posts\/3024\/revisions"}],"predecessor-version":[{"id":3027,"href":"https:\/\/realcolegio.pt\/en\/wp-json\/wp\/v2\/posts\/3024\/revisions\/3027"}],"wp:attachment":[{"href":"https:\/\/realcolegio.pt\/en\/wp-json\/wp\/v2\/media?parent=3024"}],"wp:term":[{"taxonomy":"category","embeddable":true,"href":"https:\/\/realcolegio.pt\/en\/wp-json\/wp\/v2\/categories?post=3024"},{"taxonomy":"post_tag","embeddable":true,"href":"https:\/\/realcolegio.pt\/en\/wp-json\/wp\/v2\/tags?post=3024"}],"curies":[{"name":"wp","href":"https:\/\/api.w.org\/{rel}","templated":true}]}}