{"id":2920,"date":"2022-07-04T01:36:01","date_gmt":"2022-07-04T00:36:01","guid":{"rendered":"https:\/\/www.realcolegio.pt\/?p=2920"},"modified":"2022-07-04T02:11:40","modified_gmt":"2022-07-04T01:11:40","slug":"festa-de-finalistas-dos-5-anos-4-o-e-6-o-ano","status":"publish","type":"post","link":"https:\/\/realcolegio.pt\/en\/2022\/07\/04\/festa-de-finalistas-dos-5-anos-4-o-e-6-o-ano\/","title":{"rendered":"Festa de Finalistas dos 5 anos, 4.\u00ba e 6.\u00ba ano"},"content":{"rendered":"<div class=\"wp-block-image\">\n<figure class=\"aligncenter size-large\"><img loading=\"lazy\" decoding=\"async\" width=\"1024\" height=\"1024\" src=\"https:\/\/realcolegio.pt\/wp-content\/uploads\/2022\/07\/289777062_4998414153600993_2032317230588655011_n-1024x1024.jpg\" alt=\"\" class=\"wp-image-2921\" srcset=\"https:\/\/realcolegio.pt\/wp-content\/uploads\/2022\/07\/289777062_4998414153600993_2032317230588655011_n-980x980.jpg 980w, https:\/\/realcolegio.pt\/wp-content\/uploads\/2022\/07\/289777062_4998414153600993_2032317230588655011_n-480x480.jpg 480w\" sizes=\"auto, (min-width: 0px) and (max-width: 480px) 480px, (min-width: 481px) and (max-width: 980px) 980px, (min-width: 981px) 1024px, 100vw\" \/><\/figure>\n<\/div>\n\n\n<h2 class=\"wp-block-heading\">Os nossos alunos mais novos est\u00e3o prontos para iniciar um novo ciclo<\/h2>\n\n\n\n<p>E esta semana terminou oficialmente o ano letivo 21\/22 com a festa de finalistas dos nossos alunos mais novos. <\/p>\n\n\n\n<p>Tiveram direito \u00e0 entrega do diploma de conclus\u00e3o de ciclo, a uma faixa dourada e a pequenos presentes, como crach\u00e1s personalizados, caricaturas, entre outras pequenas lembran\u00e7as para que possam recordar este momento t\u00e3o importante nas suas vidas. <\/p>\n\n\n\n<p>Ao longo de toda a tarde houve v\u00e1rios momentos musicais proporcionados pela nossa aluna In\u00eas e pelos nossos guitarristas, que foram ensaiados pelo nossos professor de m\u00fasica, Miguel Domingues. <\/p>\n\n\n\n<p>A tarde iniciou com m\u00fasica e com o coro composto pelos  alunos e alunas do 4.\u00ba ano, que cantaram &#8220;Somewhere Over the Rainbow&#8221;. <\/p>\n\n\n\n<p>Aproveitamos ainda para agradecer ao excelente trabalho desenvolvido pela educadora Goreti Matos e pela auxiliar Ana Maria, na sala dos 5 anos, pela professora Marina Vinagre do 4.\u00ba ano e pela Diretora de Turma do 6.\u00ba ano, professora Joana Castro. Mostraram resili\u00eancia e persist\u00eancia ao longo de mais um ano letivo cheio de desafios! <\/p>\n\n\n\n<p>A tarde terminou com o corte de um bolo maravilhoso oferecido por uma m\u00e3e do 4.\u00ba ano, que fez quest\u00e3o de mandar fazer este bolo muito especial para a turma da sua filha. <\/p>\n\n\n\n<p>S\u00f3 temos a agradecer a todos e a todas por este grande dia que s\u00f3 foi poss\u00edvel acontecer com a ajuda de todas as pessoas que trabalham diariamente no Real Col\u00e9gio, dos pais e dos nossos alunos e alunas para quem trabalhamos diariamente e tentamos dar o nosso melhor todos os dias. <\/p>","protected":false},"excerpt":{"rendered":"<p>Os nossos alunos mais novos est\u00e3o prontos para iniciar um novo ciclo E esta semana terminou oficialmente o ano letivo 21\/22 com a festa de finalistas dos nossos alunos mais novos. Tiveram direito \u00e0 entrega do diploma de conclus\u00e3o de ciclo, a uma faixa dourada e a pequenos presentes, como crach\u00e1s personalizados, caricaturas, entre outras [&hellip;]<\/p>\n","protected":false},"author":2,"featured_media":2921,"comment_status":"open","ping_status":"open","sticky":false,"template":"","format":"standard","meta":{"_acf_changed":false,"_et_pb_use_builder":"on","_et_pb_old_content":"","_et_gb_content_width":"","footnotes":""},"categories":[1],"tags":[],"class_list":["post-2920","post","type-post","status-publish","format-standard","has-post-thumbnail","hentry","category-noticia"],"acf":[],"_links":{"self":[{"href":"https:\/\/realcolegio.pt\/en\/wp-json\/wp\/v2\/posts\/2920","targetHints":{"allow":["GET"]}}],"collection":[{"href":"https:\/\/realcolegio.pt\/en\/wp-json\/wp\/v2\/posts"}],"about":[{"href":"https:\/\/realcolegio.pt\/en\/wp-json\/wp\/v2\/types\/post"}],"author":[{"embeddable":true,"href":"https:\/\/realcolegio.pt\/en\/wp-json\/wp\/v2\/users\/2"}],"replies":[{"embeddable":true,"href":"https:\/\/realcolegio.pt\/en\/wp-json\/wp\/v2\/comments?post=2920"}],"version-history":[{"count":1,"href":"https:\/\/realcolegio.pt\/en\/wp-json\/wp\/v2\/posts\/2920\/revisions"}],"predecessor-version":[{"id":2922,"href":"https:\/\/realcolegio.pt\/en\/wp-json\/wp\/v2\/posts\/2920\/revisions\/2922"}],"wp:featuredmedia":[{"embeddable":true,"href":"https:\/\/realcolegio.pt\/en\/wp-json\/wp\/v2\/media\/2921"}],"wp:attachment":[{"href":"https:\/\/realcolegio.pt\/en\/wp-json\/wp\/v2\/media?parent=2920"}],"wp:term":[{"taxonomy":"category","embeddable":true,"href":"https:\/\/realcolegio.pt\/en\/wp-json\/wp\/v2\/categories?post=2920"},{"taxonomy":"post_tag","embeddable":true,"href":"https:\/\/realcolegio.pt\/en\/wp-json\/wp\/v2\/tags?post=2920"}],"curies":[{"name":"wp","href":"https:\/\/api.w.org\/{rel}","templated":true}]}}