{"id":2862,"date":"2022-06-09T16:16:49","date_gmt":"2022-06-09T15:16:49","guid":{"rendered":"https:\/\/www.realcolegio.pt\/?p=2862"},"modified":"2022-06-09T16:20:23","modified_gmt":"2022-06-09T15:20:23","slug":"entrega-de-diplomas-9-o-ano","status":"publish","type":"post","link":"https:\/\/realcolegio.pt\/en\/2022\/06\/09\/entrega-de-diplomas-9-o-ano\/","title":{"rendered":"Entrega de Diplomas 9.\u00ba Ano"},"content":{"rendered":"<div class=\"wp-block-image\">\n<figure class=\"aligncenter size-large\"><img loading=\"lazy\" decoding=\"async\" width=\"1024\" height=\"1024\" src=\"https:\/\/realcolegio.pt\/wp-content\/uploads\/2022\/06\/1-1024x1024.png\" alt=\"\" class=\"wp-image-2859\" srcset=\"https:\/\/realcolegio.pt\/wp-content\/uploads\/2022\/06\/1-1024x1024.png 1024w, https:\/\/realcolegio.pt\/wp-content\/uploads\/2022\/06\/1-980x980.png 980w, https:\/\/realcolegio.pt\/wp-content\/uploads\/2022\/06\/1-480x480.png 480w\" sizes=\"auto, (min-width: 0px) and (max-width: 480px) 480px, (min-width: 481px) and (max-width: 980px) 980px, (min-width: 981px) 1024px, 100vw\" \/><\/figure>\n<\/div>\n\n\n<h2 class=\"wp-block-heading\">E fechamos um ciclo e iniciamos outro! <\/h2>\n\n\n\n<p>E no passado dia 7 de junho aconteceu no Real Col\u00e9gio de Portugal a cerim\u00f3nia de entrega de diplomas do 9.\u00ba ano.<\/p>\n\n\n\n<p>Os nossos alunos e alunas receberam as faixas de finalistas e os diplomas pela m\u00e3o da nossa Diretora Pedag\u00f3gica, a Dra. Sandra Cunha e pelas respetivas diretoras de turma, Dra. F\u00e1tima Rodrigues e Dra. In\u00eas Duarte. <\/p>\n\n\n\n<p>No final ainda tiveram direito a um bolo digno de finalistas e champanhe, para juntos podermos brindar ao final de mais um ciclo de ensino e ao in\u00edcio de outro, que come\u00e7a j\u00e1 em Setembro. <\/p>\n\n\n\n<p>Os familiares puderam assistir \u00e0 cerim\u00f3nia e ir receber o diploma ao palco, junto com os nossos alunos e alunas . <\/p>\n\n\n\n<p>A festa seguiu, mas desta vez, apenas com os alunos no jantar e baile, que aconteceu na Quinta do Almirante. Os nossos finalistas foram transportados pelas carrinhas do col\u00e9gio. <\/p>\n\n\n\n<p>Foi uma chegada em grande!!! <\/p>","protected":false},"excerpt":{"rendered":"<p>E fechamos um ciclo e iniciamos outro! E no passado dia 7 de junho aconteceu no Real Col\u00e9gio de Portugal a cerim\u00f3nia de entrega de diplomas do 9.\u00ba ano. Os [&hellip;]<\/p>\n","protected":false},"author":2,"featured_media":2859,"comment_status":"open","ping_status":"open","sticky":false,"template":"","format":"standard","meta":{"_acf_changed":false,"_et_pb_use_builder":"on","_et_pb_old_content":"","_et_gb_content_width":"","footnotes":""},"categories":[1],"tags":[],"class_list":["post-2862","post","type-post","status-publish","format-standard","has-post-thumbnail","hentry","category-noticia"],"acf":[],"_links":{"self":[{"href":"https:\/\/realcolegio.pt\/en\/wp-json\/wp\/v2\/posts\/2862","targetHints":{"allow":["GET"]}}],"collection":[{"href":"https:\/\/realcolegio.pt\/en\/wp-json\/wp\/v2\/posts"}],"about":[{"href":"https:\/\/realcolegio.pt\/en\/wp-json\/wp\/v2\/types\/post"}],"author":[{"embeddable":true,"href":"https:\/\/realcolegio.pt\/en\/wp-json\/wp\/v2\/users\/2"}],"replies":[{"embeddable":true,"href":"https:\/\/realcolegio.pt\/en\/wp-json\/wp\/v2\/comments?post=2862"}],"version-history":[{"count":1,"href":"https:\/\/realcolegio.pt\/en\/wp-json\/wp\/v2\/posts\/2862\/revisions"}],"predecessor-version":[{"id":2863,"href":"https:\/\/realcolegio.pt\/en\/wp-json\/wp\/v2\/posts\/2862\/revisions\/2863"}],"wp:featuredmedia":[{"embeddable":true,"href":"https:\/\/realcolegio.pt\/en\/wp-json\/wp\/v2\/media\/2859"}],"wp:attachment":[{"href":"https:\/\/realcolegio.pt\/en\/wp-json\/wp\/v2\/media?parent=2862"}],"wp:term":[{"taxonomy":"category","embeddable":true,"href":"https:\/\/realcolegio.pt\/en\/wp-json\/wp\/v2\/categories?post=2862"},{"taxonomy":"post_tag","embeddable":true,"href":"https:\/\/realcolegio.pt\/en\/wp-json\/wp\/v2\/tags?post=2862"}],"curies":[{"name":"wp","href":"https:\/\/api.w.org\/{rel}","templated":true}]}}