{"id":2831,"date":"2022-05-27T12:32:53","date_gmt":"2022-05-27T11:32:53","guid":{"rendered":"https:\/\/www.realcolegio.pt\/?p=2831"},"modified":"2022-05-27T12:33:14","modified_gmt":"2022-05-27T11:33:14","slug":"vamos-ser-indios","status":"publish","type":"post","link":"https:\/\/realcolegio.pt\/en\/2022\/05\/27\/vamos-ser-indios\/","title":{"rendered":"Vamos Ser \u00cdndios?"},"content":{"rendered":"<figure class=\"wp-block-video\"><video height=\"1080\" style=\"aspect-ratio: 1920 \/ 1080;\" width=\"1920\" controls src=\"https:\/\/realcolegio.pt\/wp-content\/uploads\/2022\/05\/DIA-DA-CRIANCA-1-2.mp4\"><\/video><\/figure>\n\n\n\n<h2 class=\"wp-block-heading\"><strong>AAventuraVai\u00a0Come\u00e7ar!!!<\/strong><\/h2>\n\n\n\n<p>O Dia da Crian\u00e7a est\u00e1 a chegar e os nossos alunos 1.\u00ba CEB ir\u00e3o entrar numa Grande Aventura e\u00a0ser\u00e3o aut\u00eanticos\u00a0\u00cdndios!<\/p>\n\n\n\n<p>Assim,&nbsp;<strong>no dia 1 de junho ir\u00e3o ao Campo Aventura em \u00d3bidos, onde&nbsp;ir\u00e3o participar&nbsp;no programa &#8220;\u00cdndios&nbsp;Apache&#8221;&nbsp;<\/strong>&#8211;&nbsp;&nbsp;Um imagin\u00e1rio intemporal, os&nbsp;\u00edndios!<\/p>\n\n\n\n<p>Com toda a sua m\u00edstica, fornecem tudo o que \u00e9&nbsp;necess\u00e1rio para uma grande aventura:<\/p>\n\n\n\n<ul class=\"wp-block-list\"><li>tiro com&nbsp;arco;<\/li><li>pinturas faciais:<\/li><li>constru\u00e7\u00e3o de adere\u00e7os; e<\/li><li>&nbsp;in\u00fameros jogos&nbsp;\u00edndios.<\/li><\/ul>\n\n\n\n<p>Onde n\u00e3o faltar\u00e1:<\/p>\n\n\n\n<ul class=\"wp-block-list\"><li>&#8220;A presen\u00e7a de um chefe&nbsp;\u00edndio&#8221;;<\/li><li>\u201cConstru\u00e7\u00e3o de adere\u00e7os e pinturas de Guerra\u201d;<\/li><li>&#8220;Dan\u00e7a de Guerreiros em volta do T\u00f3tem&#8221;<\/li><\/ul>\n\n\n\n<p><strong>A aventura ter\u00e1 in\u00edcio \u00e0s\u00a08h:30min no Real Col\u00e9gio de Portugal<\/strong>,<strong>\u00a0sendo a\u00a0chegada prevista pelas 18h:30min.<\/strong><\/p>\n\n\n\n<p>A alimenta\u00e7\u00e3o&nbsp;ser\u00e1 fornecida pelo campo Aventura e&nbsp;ser\u00e1 Pizza&nbsp;(se houver restri\u00e7\u00f5es alimentares por favor referir no question\u00e1rio)<\/p>\n\n\n\n<p>Ent\u00e3o, Vamos Ser \u00cdndios? <\/p>\n\n\n\n<p><\/p>","protected":false},"excerpt":{"rendered":"<p>AAventuraVai\u00a0Come\u00e7ar!!! O Dia da Crian\u00e7a est\u00e1 a chegar e os nossos alunos 1.\u00ba CEB ir\u00e3o entrar numa Grande Aventura e\u00a0ser\u00e3o aut\u00eanticos\u00a0\u00cdndios! Assim,&nbsp;no dia 1 de junho ir\u00e3o ao Campo Aventura [&hellip;]<\/p>\n","protected":false},"author":2,"featured_media":2833,"comment_status":"open","ping_status":"open","sticky":false,"template":"","format":"standard","meta":{"_acf_changed":false,"_et_pb_use_builder":"on","_et_pb_old_content":"","_et_gb_content_width":"","footnotes":""},"categories":[11],"tags":[],"class_list":["post-2831","post","type-post","status-publish","format-standard","has-post-thumbnail","hentry","category-newsletter"],"acf":[],"_links":{"self":[{"href":"https:\/\/realcolegio.pt\/en\/wp-json\/wp\/v2\/posts\/2831","targetHints":{"allow":["GET"]}}],"collection":[{"href":"https:\/\/realcolegio.pt\/en\/wp-json\/wp\/v2\/posts"}],"about":[{"href":"https:\/\/realcolegio.pt\/en\/wp-json\/wp\/v2\/types\/post"}],"author":[{"embeddable":true,"href":"https:\/\/realcolegio.pt\/en\/wp-json\/wp\/v2\/users\/2"}],"replies":[{"embeddable":true,"href":"https:\/\/realcolegio.pt\/en\/wp-json\/wp\/v2\/comments?post=2831"}],"version-history":[{"count":1,"href":"https:\/\/realcolegio.pt\/en\/wp-json\/wp\/v2\/posts\/2831\/revisions"}],"predecessor-version":[{"id":2834,"href":"https:\/\/realcolegio.pt\/en\/wp-json\/wp\/v2\/posts\/2831\/revisions\/2834"}],"wp:featuredmedia":[{"embeddable":true,"href":"https:\/\/realcolegio.pt\/en\/wp-json\/wp\/v2\/media\/2833"}],"wp:attachment":[{"href":"https:\/\/realcolegio.pt\/en\/wp-json\/wp\/v2\/media?parent=2831"}],"wp:term":[{"taxonomy":"category","embeddable":true,"href":"https:\/\/realcolegio.pt\/en\/wp-json\/wp\/v2\/categories?post=2831"},{"taxonomy":"post_tag","embeddable":true,"href":"https:\/\/realcolegio.pt\/en\/wp-json\/wp\/v2\/tags?post=2831"}],"curies":[{"name":"wp","href":"https:\/\/api.w.org\/{rel}","templated":true}]}}