{"id":2818,"date":"2022-05-27T12:06:51","date_gmt":"2022-05-27T11:06:51","guid":{"rendered":"https:\/\/www.realcolegio.pt\/?p=2818"},"modified":"2022-05-27T12:11:15","modified_gmt":"2022-05-27T11:11:15","slug":"family-party-quinta-do-pisani","status":"publish","type":"post","link":"https:\/\/realcolegio.pt\/en\/2022\/05\/27\/family-party-quinta-do-pisani\/","title":{"rendered":"FAMILY PARTY | QUINTA DO PISANI"},"content":{"rendered":"<figure class=\"wp-block-video\"><video height=\"810\" style=\"aspect-ratio: 1440 \/ 810;\" width=\"1440\" controls src=\"https:\/\/realcolegio.pt\/wp-content\/uploads\/2022\/05\/ezgif.com-gif-maker-2.mp4\"><\/video><\/figure>\n\n\n\n<p><strong>FAMILY PARTY!!!!\u00a0<\/strong><\/p>\n\n\n\n<p>O\u00a0Dia\u00a0da\u00a0Crian\u00e7a\u00a0est\u00e1 a chegar e no RCP vamos comemorar esse dia com muita anima\u00e7\u00e3o!<\/p>\n\n\n\n<p>A Comiss\u00e3o de Festas dos Alunos Finalistas de 12\u00ba Ano tem o prazer de convidar toda a Comunidade Educativa do Real Col\u00e9gio de Portugal (desde a Creche ao Ensino Secund\u00e1rio, alunos e respetiva fam\u00edlia) para um conv\u00edvio organizado no \u00e2mbito das comemora\u00e7\u00f5es do Dia da Crian\u00e7a!<\/p>\n\n\n\n<p><strong><br>Hor\u00e1rio:<\/strong>&nbsp;14h00 \u00e0s 19h00<\/p>\n\n\n\n<p><strong>Local:&nbsp;<\/strong>Quinta do Pisani<\/p>\n\n\n\n<p><strong>Atividades:<\/strong><\/p>\n\n\n\n<p>&#8211; Bancas&nbsp;de&nbsp;comida diversas e tradicionais portuguesas: bifanas no p\u00e3o, salgados e doces t\u00edpicos, gomas e gelados;<\/p>\n\n\n\n<p>&#8211; M\u00fasica;<\/p>\n\n\n\n<p>&#8211; Jogos tradicionais;<\/p>\n\n\n\n<p>&#8211; Venda&nbsp;de&nbsp;rifas<\/p>\n\n\n\n<p>Tudo isto recheado de muita ANIMA\u00c7\u00c3O!<\/p>\n\n\n\n<p>A entrada \u00e9 livre (s\u00f3 pagamento das atividades\/alimenta\u00e7\u00e3o)<\/p>\n\n\n\n<p>Contamos com a presen\u00e7a de TODOS!<\/p>","protected":false},"excerpt":{"rendered":"<p>FAMILY PARTY!!!!\u00a0 O\u00a0Dia\u00a0da\u00a0Crian\u00e7a\u00a0est\u00e1 a chegar e no RCP vamos comemorar esse dia com muita anima\u00e7\u00e3o! A Comiss\u00e3o de Festas dos Alunos Finalistas de 12\u00ba Ano tem o prazer de convidar toda a Comunidade Educativa do Real Col\u00e9gio de Portugal (desde a Creche ao Ensino Secund\u00e1rio, alunos e respetiva fam\u00edlia) para um conv\u00edvio organizado no \u00e2mbito [&hellip;]<\/p>\n","protected":false},"author":2,"featured_media":2800,"comment_status":"open","ping_status":"open","sticky":false,"template":"","format":"standard","meta":{"_acf_changed":false,"_et_pb_use_builder":"on","_et_pb_old_content":"","_et_gb_content_width":"","footnotes":""},"categories":[1],"tags":[],"class_list":["post-2818","post","type-post","status-publish","format-standard","has-post-thumbnail","hentry","category-noticia"],"acf":[],"_links":{"self":[{"href":"https:\/\/realcolegio.pt\/en\/wp-json\/wp\/v2\/posts\/2818","targetHints":{"allow":["GET"]}}],"collection":[{"href":"https:\/\/realcolegio.pt\/en\/wp-json\/wp\/v2\/posts"}],"about":[{"href":"https:\/\/realcolegio.pt\/en\/wp-json\/wp\/v2\/types\/post"}],"author":[{"embeddable":true,"href":"https:\/\/realcolegio.pt\/en\/wp-json\/wp\/v2\/users\/2"}],"replies":[{"embeddable":true,"href":"https:\/\/realcolegio.pt\/en\/wp-json\/wp\/v2\/comments?post=2818"}],"version-history":[{"count":1,"href":"https:\/\/realcolegio.pt\/en\/wp-json\/wp\/v2\/posts\/2818\/revisions"}],"predecessor-version":[{"id":2823,"href":"https:\/\/realcolegio.pt\/en\/wp-json\/wp\/v2\/posts\/2818\/revisions\/2823"}],"wp:featuredmedia":[{"embeddable":true,"href":"https:\/\/realcolegio.pt\/en\/wp-json\/wp\/v2\/media\/2800"}],"wp:attachment":[{"href":"https:\/\/realcolegio.pt\/en\/wp-json\/wp\/v2\/media?parent=2818"}],"wp:term":[{"taxonomy":"category","embeddable":true,"href":"https:\/\/realcolegio.pt\/en\/wp-json\/wp\/v2\/categories?post=2818"},{"taxonomy":"post_tag","embeddable":true,"href":"https:\/\/realcolegio.pt\/en\/wp-json\/wp\/v2\/tags?post=2818"}],"curies":[{"name":"wp","href":"https:\/\/api.w.org\/{rel}","templated":true}]}}