{"id":2639,"date":"2022-04-13T17:37:45","date_gmt":"2022-04-13T16:37:45","guid":{"rendered":"https:\/\/www.realcolegio.pt\/?p=2639"},"modified":"2022-04-13T17:38:07","modified_gmt":"2022-04-13T16:38:07","slug":"as-reais-ferias-da-pascoa-tiveram-outro-sabor","status":"publish","type":"post","link":"https:\/\/realcolegio.pt\/en\/2022\/04\/13\/as-reais-ferias-da-pascoa-tiveram-outro-sabor\/","title":{"rendered":"As Reais F\u00e9rias da P\u00e1scoa Tiveram Outro Sabor!"},"content":{"rendered":"<p>\u00a0<\/p>\n<div class=\"\" data-block=\"true\" data-editor=\"fde1\" data-offset-key=\"gkg9-0-0\">\n<div class=\"_1mf _1mj\" data-offset-key=\"gkg9-0-0\">\n<div class=\"\" data-block=\"true\" data-editor=\"d9cq8\" data-offset-key=\"1r9ni-0-0\">\n<div class=\"cxmmr5t8 oygrvhab hcukyx3x c1et5uql o9v6fnle ii04i59q\"><img loading=\"lazy\" decoding=\"async\" class=\"aligncenter wp-image-2640 size-large\" src=\"https:\/\/realcolegio.pt\/wp-content\/uploads\/2022\/04\/276061986_4783098888465855_7936538560141212452_n-1024x1024.jpg\" alt=\"\" width=\"1024\" height=\"1024\" srcset=\"https:\/\/realcolegio.pt\/wp-content\/uploads\/2022\/04\/276061986_4783098888465855_7936538560141212452_n-980x980.jpg 980w, https:\/\/realcolegio.pt\/wp-content\/uploads\/2022\/04\/276061986_4783098888465855_7936538560141212452_n-480x480.jpg 480w\" sizes=\"auto, (min-width: 0px) and (max-width: 480px) 480px, (min-width: 481px) and (max-width: 980px) 980px, (min-width: 981px) 1024px, 100vw\" \/><\/div>\n<\/div>\n<\/div>\n<\/div>\n\n\n<p>&nbsp;<\/p>\n\n\n\n<p>As nossas Reais F\u00e9rias da P\u00e1scoa foram um verdadeiro sucesso! <\/p>\n\n\n\n<p>Desde teatros, cinema, ca\u00e7a aos ovos da p\u00e1scoa, ida ao aqu\u00e1rio Vasco da Gama, passando pelo Pavilh\u00e3o do Conhecimento e n\u00e3o esquecendo a Culin\u00e1ria, nada faltou para que todos estes ingredientes possibilitassem que os nossos meninos e meninas se divertissem e valer e passassem bons momentos juntos! <\/p>\n\n\n\n<p>No ver\u00e3o as Reais F\u00e9rias de Ver\u00e3o est\u00e3o de volta e prometem n\u00e3o desiludir! <\/p>","protected":false},"excerpt":{"rendered":"<p>\u00a0 &nbsp; As nossas Reais F\u00e9rias da P\u00e1scoa foram um verdadeiro sucesso! Desde teatros, cinema, ca\u00e7a aos ovos da p\u00e1scoa, ida ao aqu\u00e1rio Vasco da Gama, passando pelo Pavilh\u00e3o do Conhecimento e n\u00e3o esquecendo a Culin\u00e1ria, nada faltou para que todos estes ingredientes possibilitassem que os nossos meninos e meninas se divertissem e valer e [&hellip;]<\/p>\n","protected":false},"author":2,"featured_media":2640,"comment_status":"open","ping_status":"open","sticky":false,"template":"","format":"standard","meta":{"_acf_changed":false,"_et_pb_use_builder":"on","_et_pb_old_content":"","_et_gb_content_width":"","footnotes":""},"categories":[1],"tags":[],"class_list":["post-2639","post","type-post","status-publish","format-standard","has-post-thumbnail","hentry","category-noticia"],"acf":[],"_links":{"self":[{"href":"https:\/\/realcolegio.pt\/en\/wp-json\/wp\/v2\/posts\/2639","targetHints":{"allow":["GET"]}}],"collection":[{"href":"https:\/\/realcolegio.pt\/en\/wp-json\/wp\/v2\/posts"}],"about":[{"href":"https:\/\/realcolegio.pt\/en\/wp-json\/wp\/v2\/types\/post"}],"author":[{"embeddable":true,"href":"https:\/\/realcolegio.pt\/en\/wp-json\/wp\/v2\/users\/2"}],"replies":[{"embeddable":true,"href":"https:\/\/realcolegio.pt\/en\/wp-json\/wp\/v2\/comments?post=2639"}],"version-history":[{"count":2,"href":"https:\/\/realcolegio.pt\/en\/wp-json\/wp\/v2\/posts\/2639\/revisions"}],"predecessor-version":[{"id":2642,"href":"https:\/\/realcolegio.pt\/en\/wp-json\/wp\/v2\/posts\/2639\/revisions\/2642"}],"wp:featuredmedia":[{"embeddable":true,"href":"https:\/\/realcolegio.pt\/en\/wp-json\/wp\/v2\/media\/2640"}],"wp:attachment":[{"href":"https:\/\/realcolegio.pt\/en\/wp-json\/wp\/v2\/media?parent=2639"}],"wp:term":[{"taxonomy":"category","embeddable":true,"href":"https:\/\/realcolegio.pt\/en\/wp-json\/wp\/v2\/categories?post=2639"},{"taxonomy":"post_tag","embeddable":true,"href":"https:\/\/realcolegio.pt\/en\/wp-json\/wp\/v2\/tags?post=2639"}],"curies":[{"name":"wp","href":"https:\/\/api.w.org\/{rel}","templated":true}]}}