{"id":2595,"date":"2022-04-01T18:49:24","date_gmt":"2022-04-01T17:49:24","guid":{"rendered":"https:\/\/www.realcolegio.pt\/?p=2595"},"modified":"2022-04-01T18:51:15","modified_gmt":"2022-04-01T17:51:15","slug":"many-cultures-one-planet-mc1p","status":"publish","type":"post","link":"https:\/\/realcolegio.pt\/en\/2022\/04\/01\/many-cultures-one-planet-mc1p\/","title":{"rendered":"Many Cultures One Planet #MC1P"},"content":{"rendered":"<p><img loading=\"lazy\" decoding=\"async\" class=\"aligncenter wp-image-2596 size-large\" src=\"https:\/\/realcolegio.pt\/wp-content\/uploads\/2022\/04\/Flyer_MobilidadePortuguesa_RCP_2022_page-0001-725x1024.jpg\" alt=\"\" width=\"725\" height=\"1024\" \/><\/p>\n<div class=\"\" data-block=\"true\" data-editor=\"fde1\" data-offset-key=\"gkg9-0-0\">\n<div class=\"_1mf _1mj\" data-offset-key=\"gkg9-0-0\">\n<div class=\"\" data-block=\"true\" data-editor=\"d9cq8\" data-offset-key=\"1r9ni-0-0\">\n<div class=\"cxmmr5t8 oygrvhab hcukyx3x c1et5uql o9v6fnle ii04i59q\">\u00a0<\/div>\n<\/div>\n<\/div>\n<\/div>\n<div dir=\"auto\">\n<div class=\"\" data-block=\"true\" data-editor=\"orl1\" data-offset-key=\"7ngbn-0-0\">\n<div class=\"_1mf _1mj\" data-offset-key=\"7ngbn-0-0\">\u00a0<\/div>\n<\/div>\n<\/div>\n<div data-offset-key=\"1bv8a-0-0\">\n<div class=\"cxmmr5t8 oygrvhab hcukyx3x c1et5uql o9v6fnle ii04i59q\">\n<div dir=\"auto\">\n<div class=\"kvgmc6g5 cxmmr5t8 oygrvhab hcukyx3x c1et5uql ii04i59q\">\u00a0<\/div>\n<div class=\"cxmmr5t8 oygrvhab hcukyx3x c1et5uql o9v6fnle ii04i59q\">\n<div dir=\"auto\">\n<div class=\"\" data-block=\"true\" data-editor=\"cdbmf\" data-offset-key=\"iro7-0-0\">\u00a0<\/div>\n<\/div>\n<\/div>\n<\/div>\n<\/div>\n<\/div>\n\n\n<p>Esta semana no Real Col\u00e9gio de Portugal iremos receber no \u00e2mbito do Programa Erasmus+ alunos e professores das escolas parceiras de It\u00e1lia e Espanha para trabalharmos no projeto &#8220;Many Cultures One Planet&#8221; #MC1P. \ud83c\udf31<\/p>\n\n\n\n<p><br>As atividades decorrer\u00e3o de 04 a 08 de abril e est\u00e3o relacionadas com o tema do projeto, a sustentabilidade. Teremos v\u00e1rias palestras a decorrer com convidados especiais, exposi\u00e7\u00f5es, visitas sobre poupan\u00e7a de \u00e1gua e energia, inclus\u00e3o, direitos humanos.<\/p>\n\n\n\n<p><br>Este \u00e9 um projeto baseado na troca de boas pr\u00e1ticas onde vamos apresentar os objetivos de desenvolvimento sustent\u00e1vel (ODS) aos alunos, no entanto, vamos concentrar-nos no combate \u00e0s altera\u00e7\u00f5es clim\u00e1ticas e os seus impactos (ODS 13).<\/p>\n\n\n\n<p><br>Al\u00e9m disso, os alunos ir\u00e3o aumentar a sua inclus\u00e3o social, pois todas as atividades realizadas no projeto s\u00e3o totalmente inclusivas.<br>Acompanhem tudo nas nossas redes sociais e no nosso website, porque temos muitas surpresas!<\/p>\n\n\n\n<p>Conhe\u00e7a o Programa em Detalhe <a href=\"https:\/\/realcolegio.pt\/wp-content\/uploads\/2022\/04\/Flyer_MobilidadePortuguesa_RCP_2022.pdf\" target=\"_blank\" rel=\"noreferrer noopener\">AQUI<\/a>.<\/p>","protected":false},"excerpt":{"rendered":"<p>\u00a0 \u00a0 \u00a0 \u00a0 Esta semana no Real Col\u00e9gio de Portugal iremos receber no \u00e2mbito do Programa Erasmus+ alunos e professores das escolas parceiras de It\u00e1lia e Espanha para trabalharmos no projeto &#8220;Many Cultures One Planet&#8221; #MC1P. \ud83c\udf31 As atividades decorrer\u00e3o de 04 a 08 de abril e est\u00e3o relacionadas com o tema do projeto, [&hellip;]<\/p>\n","protected":false},"author":2,"featured_media":2597,"comment_status":"open","ping_status":"open","sticky":false,"template":"","format":"standard","meta":{"_acf_changed":false,"_et_pb_use_builder":"on","_et_pb_old_content":"","_et_gb_content_width":"","footnotes":""},"categories":[17],"tags":[],"class_list":["post-2595","post","type-post","status-publish","format-standard","has-post-thumbnail","hentry","category-mobilidades"],"acf":[],"_links":{"self":[{"href":"https:\/\/realcolegio.pt\/en\/wp-json\/wp\/v2\/posts\/2595","targetHints":{"allow":["GET"]}}],"collection":[{"href":"https:\/\/realcolegio.pt\/en\/wp-json\/wp\/v2\/posts"}],"about":[{"href":"https:\/\/realcolegio.pt\/en\/wp-json\/wp\/v2\/types\/post"}],"author":[{"embeddable":true,"href":"https:\/\/realcolegio.pt\/en\/wp-json\/wp\/v2\/users\/2"}],"replies":[{"embeddable":true,"href":"https:\/\/realcolegio.pt\/en\/wp-json\/wp\/v2\/comments?post=2595"}],"version-history":[{"count":2,"href":"https:\/\/realcolegio.pt\/en\/wp-json\/wp\/v2\/posts\/2595\/revisions"}],"predecessor-version":[{"id":2600,"href":"https:\/\/realcolegio.pt\/en\/wp-json\/wp\/v2\/posts\/2595\/revisions\/2600"}],"wp:featuredmedia":[{"embeddable":true,"href":"https:\/\/realcolegio.pt\/en\/wp-json\/wp\/v2\/media\/2597"}],"wp:attachment":[{"href":"https:\/\/realcolegio.pt\/en\/wp-json\/wp\/v2\/media?parent=2595"}],"wp:term":[{"taxonomy":"category","embeddable":true,"href":"https:\/\/realcolegio.pt\/en\/wp-json\/wp\/v2\/categories?post=2595"},{"taxonomy":"post_tag","embeddable":true,"href":"https:\/\/realcolegio.pt\/en\/wp-json\/wp\/v2\/tags?post=2595"}],"curies":[{"name":"wp","href":"https:\/\/api.w.org\/{rel}","templated":true}]}}