{"id":2396,"date":"2022-02-18T11:37:48","date_gmt":"2022-02-18T11:37:48","guid":{"rendered":"https:\/\/www.realcolegio.pt\/?p=2396"},"modified":"2022-02-18T11:38:44","modified_gmt":"2022-02-18T11:38:44","slug":"o-dia-do-amor","status":"publish","type":"post","link":"https:\/\/realcolegio.pt\/en\/2022\/02\/18\/o-dia-do-amor\/","title":{"rendered":"O Dia do Amor"},"content":{"rendered":"<p><img loading=\"lazy\" decoding=\"async\" class=\"aligncenter wp-image-2397 size-large\" src=\"https:\/\/realcolegio.pt\/wp-content\/uploads\/2022\/02\/Happy-Valentine-953x1024.jpg\" alt=\"\" width=\"953\" height=\"1024\" \/><\/p>\n<div class=\"\" data-block=\"true\" data-editor=\"fde1\" data-offset-key=\"770ib-0-0\">\u00a0<\/div>\n<div class=\"\" data-block=\"true\" data-editor=\"fde1\" data-offset-key=\"gkg9-0-0\">\n<div class=\"_1mf _1mj\" data-offset-key=\"gkg9-0-0\">\n<div class=\"\" data-block=\"true\" data-editor=\"d9cq8\" data-offset-key=\"1r9ni-0-0\">\n<div data-offset-key=\"1r9ni-0-0\">\u00a0<\/div>\n<\/div>\n<\/div>\n<\/div>\n<div dir=\"auto\">No passado dia 14 de Fevereiro o Real Col\u00e9gio de Portugal festejou o Dia do Amor.\u00a0<\/div>\n<div dir=\"auto\">\u00a0<\/div>\n<div dir=\"auto\">Proporcion\u00e1mos aos nossos alunos, pais e av\u00f3s uma sess\u00e3o fotogr\u00e1fica onde tinham de espelhar o amor entre os familiares.\u00a0<\/div>\n<div dir=\"auto\">\u00a0<\/div>\n<div dir=\"auto\">No nosso Jardim do Pal\u00e1cio principal havia um banquete cheio de mimos, alguns deles feitos pelos nossos pequenos. Cada um teve ainda direito a um bal\u00e3o em forma de cora\u00e7\u00e3o e no final havia raspadinhas do amor. Pais e alunos tinham de raspar e fazer o que lhes calhava, como por exemplo: &#8220;D\u00e1 um abra\u00e7o ao amor da tua vida&#8221;.\u00a0<\/div>\n<div dir=\"auto\">\u00a0<\/div>\n<div dir=\"auto\">Houve ainda tempo para cantar com o Professor Miguel, como forma de celebrarmos o dia de S. Valentim.\u00a0<\/div>\n<div dir=\"auto\">\u00a0<\/div>\n<div dir=\"auto\">Estes momentos s\u00e3o importantes para refor\u00e7ar os la\u00e7os de uni\u00e3o e para agradecer a toda a comunidade educativa pelo amor e carinho ao longo destes \u00faltimos anos.\u00a0<\/div>\n<div dir=\"auto\">\u00a0<\/div>\n<div dir=\"auto\">Porque juntos podemos ir mais longe!\u00a0<\/div>\n\n\n<p><\/p>","protected":false},"excerpt":{"rendered":"<p>\u00a0 \u00a0 No passado dia 14 de Fevereiro o Real Col\u00e9gio de Portugal festejou o Dia do Amor.\u00a0 \u00a0 Proporcion\u00e1mos aos nossos alunos, pais e av\u00f3s uma sess\u00e3o fotogr\u00e1fica onde tinham de espelhar o amor entre os familiares.\u00a0 \u00a0 No nosso Jardim do Pal\u00e1cio principal havia um banquete cheio de mimos, alguns deles feitos pelos [&hellip;]<\/p>\n","protected":false},"author":2,"featured_media":2397,"comment_status":"open","ping_status":"open","sticky":false,"template":"","format":"standard","meta":{"_acf_changed":false,"_et_pb_use_builder":"on","_et_pb_old_content":"","_et_gb_content_width":"","footnotes":""},"categories":[1],"tags":[],"class_list":["post-2396","post","type-post","status-publish","format-standard","has-post-thumbnail","hentry","category-noticia"],"acf":[],"_links":{"self":[{"href":"https:\/\/realcolegio.pt\/en\/wp-json\/wp\/v2\/posts\/2396","targetHints":{"allow":["GET"]}}],"collection":[{"href":"https:\/\/realcolegio.pt\/en\/wp-json\/wp\/v2\/posts"}],"about":[{"href":"https:\/\/realcolegio.pt\/en\/wp-json\/wp\/v2\/types\/post"}],"author":[{"embeddable":true,"href":"https:\/\/realcolegio.pt\/en\/wp-json\/wp\/v2\/users\/2"}],"replies":[{"embeddable":true,"href":"https:\/\/realcolegio.pt\/en\/wp-json\/wp\/v2\/comments?post=2396"}],"version-history":[{"count":1,"href":"https:\/\/realcolegio.pt\/en\/wp-json\/wp\/v2\/posts\/2396\/revisions"}],"predecessor-version":[{"id":2398,"href":"https:\/\/realcolegio.pt\/en\/wp-json\/wp\/v2\/posts\/2396\/revisions\/2398"}],"wp:featuredmedia":[{"embeddable":true,"href":"https:\/\/realcolegio.pt\/en\/wp-json\/wp\/v2\/media\/2397"}],"wp:attachment":[{"href":"https:\/\/realcolegio.pt\/en\/wp-json\/wp\/v2\/media?parent=2396"}],"wp:term":[{"taxonomy":"category","embeddable":true,"href":"https:\/\/realcolegio.pt\/en\/wp-json\/wp\/v2\/categories?post=2396"},{"taxonomy":"post_tag","embeddable":true,"href":"https:\/\/realcolegio.pt\/en\/wp-json\/wp\/v2\/tags?post=2396"}],"curies":[{"name":"wp","href":"https:\/\/api.w.org\/{rel}","templated":true}]}}