{"id":1711,"date":"2021-09-20T11:06:27","date_gmt":"2021-09-20T10:06:27","guid":{"rendered":"https:\/\/www.realcolegio.pt\/?p=1711"},"modified":"2021-09-20T11:30:36","modified_gmt":"2021-09-20T10:30:36","slug":"atividades-pre-letivas","status":"publish","type":"post","link":"https:\/\/realcolegio.pt\/en\/2021\/09\/20\/atividades-pre-letivas\/","title":{"rendered":"Uma Recorda\u00e7\u00e3o Para a Vida"},"content":{"rendered":"\n[et_pb_section fb_built=&#8221;1&#8243; _builder_version=&#8221;4.9.4&#8243; _module_preset=&#8221;default&#8221; hover_enabled=&#8221;0&#8243; sticky_enabled=&#8221;0&#8243;][et_pb_row _builder_version=&#8221;4.9.4&#8243; _module_preset=&#8221;default&#8221;][et_pb_column type=&#8221;4_4&#8243; _builder_version=&#8221;4.9.4&#8243; _module_preset=&#8221;default&#8221;][et_pb_image src=&#8221;https:\/\/realcolegio.pt\/wp-content\/uploads\/2021\/09\/240163375_4121752834600467_6344392229033014987_n.jpg&#8221; title_text=&#8221;240163375_4121752834600467_6344392229033014987_n&#8221; _builder_version=&#8221;4.9.4&#8243; _module_preset=&#8221;default&#8221; hover_enabled=&#8221;0&#8243; sticky_enabled=&#8221;0&#8243;][\/et_pb_image][\/et_pb_column][\/et_pb_row][\/et_pb_section][et_pb_section fb_built=&#8221;1&#8243; _builder_version=&#8221;4.9.4&#8243; _module_preset=&#8221;default&#8221;][et_pb_row _builder_version=&#8221;4.9.4&#8243; _module_preset=&#8221;default&#8221;][et_pb_column type=&#8221;4_4&#8243; _builder_version=&#8221;4.9.4&#8243; _module_preset=&#8221;default&#8221;][et_pb_text _builder_version=&#8221;4.9.4&#8243; _module_preset=&#8221;default&#8221;]<p>Os meninos e meninas da Creche ao 1.\u00ba Ciclo no primeiro dia de aulas, que marca o in\u00edcio dce um novo ano letivo e de uma nova fase para muitos, \u00e9 habitualmente assinaldo pelos pais que v\u00eam trazer os seus filhos \u00e0 escola.\u00a0<\/p>\n<p>Como tal, pretendemos eternizar o momento e tir\u00e1mos uma fotografia a todos os pais que vieram at\u00e9 ao nosso col\u00e9gio acompanhar os seus meninos neste 1.\u00ba dia.\u00a0<\/p>\n<p>Quando vieram busc\u00e1-los ap\u00f3s um longo dia de atividades, levaram alguns doces e, como surpres, a foto que tiraram no in\u00edcio do dia, quando os deixaram na escola.\u00a0<\/p>\n<p>Este ser\u00e1 um ano letivo para recordar para sempre!\u00a0<\/p>[\/et_pb_text][\/et_pb_column][\/et_pb_row][\/et_pb_section][et_pb_section fb_built=&#8221;1&#8243; _builder_version=&#8221;4.9.4&#8243; _module_preset=&#8221;default&#8221;][et_pb_row _builder_version=&#8221;4.9.4&#8243; _module_preset=&#8221;default&#8221;][et_pb_column type=&#8221;4_4&#8243; _builder_version=&#8221;4.9.4&#8243; _module_preset=&#8221;default&#8221;][et_pb_text _builder_version=&#8221;4.9.4&#8243; _module_preset=&#8221;default&#8221;]<div>\n<div>\n<div><\/div>\n<\/div>\n<\/div>\n<div class=\"a8nywdso j7796vcc rz4wbd8a l29c1vbm\">\n<div class=\"o9v6fnle cxmmr5t8 oygrvhab hcukyx3x c1et5uql ii04i59q\">\n<div dir=\"auto\"><\/div>\n<\/div>\n<\/div>[\/et_pb_text][\/et_pb_column][\/et_pb_row][\/et_pb_section]\n","protected":false},"excerpt":{"rendered":"","protected":false},"author":2,"featured_media":1712,"comment_status":"open","ping_status":"open","sticky":false,"template":"","format":"standard","meta":{"_acf_changed":false,"_et_pb_use_builder":"on","_et_pb_old_content":"","_et_gb_content_width":"","footnotes":""},"categories":[11],"tags":[],"class_list":["post-1711","post","type-post","status-publish","format-standard","has-post-thumbnail","hentry","category-newsletter"],"acf":[],"_links":{"self":[{"href":"https:\/\/realcolegio.pt\/en\/wp-json\/wp\/v2\/posts\/1711","targetHints":{"allow":["GET"]}}],"collection":[{"href":"https:\/\/realcolegio.pt\/en\/wp-json\/wp\/v2\/posts"}],"about":[{"href":"https:\/\/realcolegio.pt\/en\/wp-json\/wp\/v2\/types\/post"}],"author":[{"embeddable":true,"href":"https:\/\/realcolegio.pt\/en\/wp-json\/wp\/v2\/users\/2"}],"replies":[{"embeddable":true,"href":"https:\/\/realcolegio.pt\/en\/wp-json\/wp\/v2\/comments?post=1711"}],"version-history":[{"count":5,"href":"https:\/\/realcolegio.pt\/en\/wp-json\/wp\/v2\/posts\/1711\/revisions"}],"predecessor-version":[{"id":1718,"href":"https:\/\/realcolegio.pt\/en\/wp-json\/wp\/v2\/posts\/1711\/revisions\/1718"}],"wp:featuredmedia":[{"embeddable":true,"href":"https:\/\/realcolegio.pt\/en\/wp-json\/wp\/v2\/media\/1712"}],"wp:attachment":[{"href":"https:\/\/realcolegio.pt\/en\/wp-json\/wp\/v2\/media?parent=1711"}],"wp:term":[{"taxonomy":"category","embeddable":true,"href":"https:\/\/realcolegio.pt\/en\/wp-json\/wp\/v2\/categories?post=1711"},{"taxonomy":"post_tag","embeddable":true,"href":"https:\/\/realcolegio.pt\/en\/wp-json\/wp\/v2\/tags?post=1711"}],"curies":[{"name":"wp","href":"https:\/\/api.w.org\/{rel}","templated":true}]}}